{"id":186,"date":"2015-06-24T09:00:47","date_gmt":"2015-06-24T09:00:47","guid":{"rendered":"http:\/\/demo.themegrill.com\/colormag-pro\/?p=186"},"modified":"2019-05-14T13:35:42","modified_gmt":"2019-05-14T13:35:42","slug":"cef-assistente-familiar-e-de-apoio-a-comunidade","status":"publish","type":"post","link":"http:\/\/www.aemc.pt\/portal\/index.php\/2015\/06\/24\/cef-assistente-familiar-e-de-apoio-a-comunidade\/","title":{"rendered":"CEF Assistente Familiar e de Apoio \u00e0 Comunidade"},"content":{"rendered":"<blockquote><p>Curso Educa\u00e7\u00e3o e Forma\u00e7\u00e3o Assistente Familiar e de Apoio \u00e0 Comunidade.<\/p><\/blockquote>\n<p>&nbsp;<\/p>\n<p><i class=\"far fa-file-pdf\"><img loading=\"lazy\" decoding=\"async\" class=\"alignnone size-full wp-image-617\" src=\"http:\/\/www.aemc.pt\/portal\/wp-content\/uploads\/2019\/02\/pdfFile.png\" alt=\"\" width=\"36\" height=\"30\"><\/i><a href=\"http:\/\/www.aemc.pt\/portal\/wp-content\/uploads\/2019\/03\/Nivel-2-Assistente-Familiar-e-de-Apoio-Comunidade_Referencial-CEF.pdf\" target=\"_blank\" rel=\"noopener noreferrer\">Referencial de Forma\u00e7\u00e3o &#8211; Assistente Familiar e de Apoio \u00e0 Comunidade<\/a><\/p>\n","protected":false},"excerpt":{"rendered":"<p>Curso Educa\u00e7\u00e3o e Forma\u00e7\u00e3o Assistente Familiar e de Apoio \u00e0 Comunidade. &nbsp; Referencial de Forma\u00e7\u00e3o &#8211; Assistente Familiar e de<\/p>\n","protected":false},"author":1,"featured_media":1662,"comment_status":"open","ping_status":"open","sticky":false,"template":"","format":"standard","meta":{"colormag_page_container_layout":"default_layout","colormag_page_sidebar_layout":"default_layout","ngg_post_thumbnail":0,"iawp_total_views":16,"footnotes":"","_links_to":"","_links_to_target":""},"categories":[6,20],"tags":[],"class_list":["post-186","post","type-post","status-publish","format-standard","has-post-thumbnail","hentry","category-cef","category-profissional"],"_links":{"self":[{"href":"http:\/\/www.aemc.pt\/portal\/index.php\/wp-json\/wp\/v2\/posts\/186","targetHints":{"allow":["GET"]}}],"collection":[{"href":"http:\/\/www.aemc.pt\/portal\/index.php\/wp-json\/wp\/v2\/posts"}],"about":[{"href":"http:\/\/www.aemc.pt\/portal\/index.php\/wp-json\/wp\/v2\/types\/post"}],"author":[{"embeddable":true,"href":"http:\/\/www.aemc.pt\/portal\/index.php\/wp-json\/wp\/v2\/users\/1"}],"replies":[{"embeddable":true,"href":"http:\/\/www.aemc.pt\/portal\/index.php\/wp-json\/wp\/v2\/comments?post=186"}],"version-history":[{"count":3,"href":"http:\/\/www.aemc.pt\/portal\/index.php\/wp-json\/wp\/v2\/posts\/186\/revisions"}],"predecessor-version":[{"id":1663,"href":"http:\/\/www.aemc.pt\/portal\/index.php\/wp-json\/wp\/v2\/posts\/186\/revisions\/1663"}],"wp:featuredmedia":[{"embeddable":true,"href":"http:\/\/www.aemc.pt\/portal\/index.php\/wp-json\/wp\/v2\/media\/1662"}],"wp:attachment":[{"href":"http:\/\/www.aemc.pt\/portal\/index.php\/wp-json\/wp\/v2\/media?parent=186"}],"wp:term":[{"taxonomy":"category","embeddable":true,"href":"http:\/\/www.aemc.pt\/portal\/index.php\/wp-json\/wp\/v2\/categories?post=186"},{"taxonomy":"post_tag","embeddable":true,"href":"http:\/\/www.aemc.pt\/portal\/index.php\/wp-json\/wp\/v2\/tags?post=186"}],"curies":[{"name":"wp","href":"https:\/\/api.w.org\/{rel}","templated":true}]}}