{"id":3881,"date":"2021-04-14T15:08:02","date_gmt":"2021-04-14T14:08:02","guid":{"rendered":"http:\/\/www.aemc.pt\/portal\/?p=3881"},"modified":"2021-04-14T15:09:22","modified_gmt":"2021-04-14T14:09:22","slug":"selo-de-qualidade-eqavet","status":"publish","type":"post","link":"http:\/\/www.aemc.pt\/portal\/index.php\/2021\/04\/14\/selo-de-qualidade-eqavet\/","title":{"rendered":"Selo de qualidade EQAVET"},"content":{"rendered":"\n<blockquote class=\"wp-block-quote is-layout-flow wp-block-quote-is-layout-flow\"><p>Agrupamento de Escolas de Macedo de Cavaleiros reconhecido com selo de qualidade EQAVET.<\/p><\/blockquote>\n\n\n\n<p><strong>Parab\u00e9ns \u00e0 comunidade escolar e educativa.<\/strong><\/p>\n\n\n\n<p>O que \u00e9 o EQAVET?<\/p>\n\n\n\n<p>O EQAVET (acr\u00f3nimo de European Quality Assurance Reference Framework for Vocational Education and Training, em portugu\u00eas Quadro de Refer\u00eancia Europeu de Garantia da Qualidade para a Educa\u00e7\u00e3o e Forma\u00e7\u00e3o Profissional ) \u00e9 o instrumento de refer\u00eancia para promover e monitorizar o aperfei\u00e7oamento dos sistemas europeus de ensino e forma\u00e7\u00e3o profissional.<\/p>\n\n\n\n<p>Os Estados Membros s\u00e3o convidados a desenvolver e utilizar este instrumento, a t\u00edtulo volunt\u00e1rio, sendo os seus principais utilizadores as autoridades nacionais e regionais, bem como os organismos p\u00fablicos e privados respons\u00e1veis pela garantia e pela melhoria da qualidade no ensino e forma\u00e7\u00e3o profissional.<\/p>\n\n\n\n<p>O EQAVET salienta o papel de uma cultura da melhoria da qualidade e da responsabilidade ao n\u00edvel do sistema e dos operadores de ensino e forma\u00e7\u00e3o profissional.Atribui um papel importante \u00e0 autoavalia\u00e7\u00e3o sistem\u00e1tica e compreende mecanismos de avalia\u00e7\u00e3o interna e externa que devem ser definidos pelos Estados Membros.<\/p>\n","protected":false},"excerpt":{"rendered":"<p>Agrupamento de Escolas de Macedo de Cavaleiros reconhecido com selo de qualidade EQAVET. Parab\u00e9ns \u00e0 comunidade escolar e educativa. O<\/p>\n","protected":false},"author":1,"featured_media":3882,"comment_status":"closed","ping_status":"open","sticky":false,"template":"","format":"standard","meta":{"colormag_page_container_layout":"default_layout","colormag_page_sidebar_layout":"default_layout","ngg_post_thumbnail":0,"iawp_total_views":4,"footnotes":"","_links_to":"","_links_to_target":""},"categories":[4,5,72],"tags":[],"class_list":["post-3881","post","type-post","status-publish","format-standard","has-post-thumbnail","hentry","category-educacao","category-gestao","category-informacao"],"_links":{"self":[{"href":"http:\/\/www.aemc.pt\/portal\/index.php\/wp-json\/wp\/v2\/posts\/3881","targetHints":{"allow":["GET"]}}],"collection":[{"href":"http:\/\/www.aemc.pt\/portal\/index.php\/wp-json\/wp\/v2\/posts"}],"about":[{"href":"http:\/\/www.aemc.pt\/portal\/index.php\/wp-json\/wp\/v2\/types\/post"}],"author":[{"embeddable":true,"href":"http:\/\/www.aemc.pt\/portal\/index.php\/wp-json\/wp\/v2\/users\/1"}],"replies":[{"embeddable":true,"href":"http:\/\/www.aemc.pt\/portal\/index.php\/wp-json\/wp\/v2\/comments?post=3881"}],"version-history":[{"count":2,"href":"http:\/\/www.aemc.pt\/portal\/index.php\/wp-json\/wp\/v2\/posts\/3881\/revisions"}],"predecessor-version":[{"id":3885,"href":"http:\/\/www.aemc.pt\/portal\/index.php\/wp-json\/wp\/v2\/posts\/3881\/revisions\/3885"}],"wp:featuredmedia":[{"embeddable":true,"href":"http:\/\/www.aemc.pt\/portal\/index.php\/wp-json\/wp\/v2\/media\/3882"}],"wp:attachment":[{"href":"http:\/\/www.aemc.pt\/portal\/index.php\/wp-json\/wp\/v2\/media?parent=3881"}],"wp:term":[{"taxonomy":"category","embeddable":true,"href":"http:\/\/www.aemc.pt\/portal\/index.php\/wp-json\/wp\/v2\/categories?post=3881"},{"taxonomy":"post_tag","embeddable":true,"href":"http:\/\/www.aemc.pt\/portal\/index.php\/wp-json\/wp\/v2\/tags?post=3881"}],"curies":[{"name":"wp","href":"https:\/\/api.w.org\/{rel}","templated":true}]}}