{"id":7045,"date":"2024-06-18T11:30:13","date_gmt":"2024-06-18T10:30:13","guid":{"rendered":"https:\/\/www.aemc.pt\/portal\/?p=7045"},"modified":"2024-06-18T11:46:38","modified_gmt":"2024-06-18T10:46:38","slug":"oferta-formativa-2024-2025","status":"publish","type":"post","link":"http:\/\/www.aemc.pt\/portal\/index.php\/2024\/06\/18\/oferta-formativa-2024-2025\/","title":{"rendered":"Oferta Formativa 2024\/2025"},"content":{"rendered":"\n<blockquote class=\"wp-block-quote is-layout-flow wp-block-quote-is-layout-flow\">\n<p>Oferta Formativa do Agrupamento de Escolas de Macedo de Cavaleiros para o ano letivo 2024\/2025.<\/p>\n<\/blockquote>\n\n\n\nngg_shortcode_0_placeholder\n\n\n\n<BR>\n\n\n\n<p><i class=\"far fa-file-pdf\"><\/i><a href=\"http:\/\/www.aemc.pt\/portal\/wp-content\/uploads\/2024\/06\/FOLHETO_SENSIBILIZACAO_9.oano-e-agora.pdf\" target=\"_blank\" rel=\"noopener no referrer noreferrer\"> Folheto Informativos &#8211; 9.\u00ba ANO, E AGORA?<\/a><\/p>\n\n\n\n<BR>\n\n\n\n<p><i class=\"far fa-file-pdf\"><\/i><a href=\"http:\/\/www.aemc.pt\/portal\/wp-content\/uploads\/2024\/06\/OFERTA-PROFISSIONALIZANTE_24.25.pdf\" target=\"_blank\" rel=\"noopener no referrer noreferrer\"> Folheto Informativos &#8211; OFERTA PROFISSIONALIZANTE (204\/2025)<\/a><\/p>\n\n\n\n<BR>\n\n\n\n<p><i class=\"far fa-file-pdf\"><\/i><a href=\"http:\/\/www.aemc.pt\/portal\/wp-content\/uploads\/2024\/06\/PRE_INSCRICAO_CEF-24.25.pdf\" target=\"_blank\" rel=\"noopener no referrer noreferrer\"> Formul\u00e1rio de Pr\u00e9-Inscri\u00e7\u00e3o &#8211; CEF 2024\/2025<\/a><\/p>\n\n\n\n<BR>\n\n\n\n<p><i class=\"far fa-file-pdf\"><\/i><a href=\"http:\/\/www.aemc.pt\/portal\/wp-content\/uploads\/2024\/06\/PRE_INSCRICAO_PRO-24.25.pdf\" target=\"_blank\" rel=\"noopener no referrer noreferrer\"> Formul\u00e1rio de Pr\u00e9-Inscri\u00e7\u00e3o &#8211; CURSO PROFISSIONAL (2024\/2025) <\/a><\/p>\n\n\n\n<BR><BR><BR>\n","protected":false},"excerpt":{"rendered":"<p>Oferta Formativa do Agrupamento de Escolas de Macedo de Cavaleiros para o ano letivo 2024\/2025. Folheto Informativos &#8211; 9.\u00ba ANO,<\/p>\n","protected":false},"author":1,"featured_media":7059,"comment_status":"closed","ping_status":"open","sticky":false,"template":"","format":"standard","meta":{"colormag_page_container_layout":"no_sidebar_full_width","colormag_page_sidebar_layout":"no_sidebar","ngg_post_thumbnail":0,"iawp_total_views":22,"footnotes":"","_links_to":"","_links_to_target":""},"categories":[6,4,20,5,72,19],"tags":[],"class_list":["post-7045","post","type-post","status-publish","format-standard","has-post-thumbnail","hentry","category-cef","category-educacao","category-profissional","category-gestao","category-informacao","category-pro"],"_links":{"self":[{"href":"http:\/\/www.aemc.pt\/portal\/index.php\/wp-json\/wp\/v2\/posts\/7045","targetHints":{"allow":["GET"]}}],"collection":[{"href":"http:\/\/www.aemc.pt\/portal\/index.php\/wp-json\/wp\/v2\/posts"}],"about":[{"href":"http:\/\/www.aemc.pt\/portal\/index.php\/wp-json\/wp\/v2\/types\/post"}],"author":[{"embeddable":true,"href":"http:\/\/www.aemc.pt\/portal\/index.php\/wp-json\/wp\/v2\/users\/1"}],"replies":[{"embeddable":true,"href":"http:\/\/www.aemc.pt\/portal\/index.php\/wp-json\/wp\/v2\/comments?post=7045"}],"version-history":[{"count":2,"href":"http:\/\/www.aemc.pt\/portal\/index.php\/wp-json\/wp\/v2\/posts\/7045\/revisions"}],"predecessor-version":[{"id":7058,"href":"http:\/\/www.aemc.pt\/portal\/index.php\/wp-json\/wp\/v2\/posts\/7045\/revisions\/7058"}],"wp:featuredmedia":[{"embeddable":true,"href":"http:\/\/www.aemc.pt\/portal\/index.php\/wp-json\/wp\/v2\/media\/7059"}],"wp:attachment":[{"href":"http:\/\/www.aemc.pt\/portal\/index.php\/wp-json\/wp\/v2\/media?parent=7045"}],"wp:term":[{"taxonomy":"category","embeddable":true,"href":"http:\/\/www.aemc.pt\/portal\/index.php\/wp-json\/wp\/v2\/categories?post=7045"},{"taxonomy":"post_tag","embeddable":true,"href":"http:\/\/www.aemc.pt\/portal\/index.php\/wp-json\/wp\/v2\/tags?post=7045"}],"curies":[{"name":"wp","href":"https:\/\/api.w.org\/{rel}","templated":true}]}}