{"id":7275,"date":"2024-10-08T09:43:37","date_gmt":"2024-10-08T08:43:37","guid":{"rendered":"https:\/\/www.aemc.pt\/portal\/?p=7275"},"modified":"2024-10-08T09:43:39","modified_gmt":"2024-10-08T08:43:39","slug":"concurso-desafios-seguranet-18-a-edicao","status":"publish","type":"post","link":"http:\/\/www.aemc.pt\/portal\/index.php\/2024\/10\/08\/concurso-desafios-seguranet-18-a-edicao\/","title":{"rendered":"Concurso Desafios SeguraNet &#8211; 18.\u00aa edi\u00e7\u00e3o"},"content":{"rendered":"\n<blockquote class=\"wp-block-quote is-layout-flow wp-block-quote-is-layout-flow\">\n<p>A Dire\u00e7\u00e3o-Geral da Educa\u00e7\u00e3o, em colabora\u00e7\u00e3o com o Centro de Compet\u00eancia TIC ESE\/IPS de Santar\u00e9m, promove a 18.\u00aa edi\u00e7\u00e3o do concurso Desafios SeguraNet, dinamizada no \u00e2mbito do Centro de Sensibiliza\u00e7\u00e3o SeguraNet.<\/p>\n<\/blockquote>\n\n\n\n<p>Este concurso destina-se \u00e0s crian\u00e7as da Educa\u00e7\u00e3o Pr\u00e9-Escolar, aos alunos dos 1.\u00ba, 2.\u00ba, 3.\u00ba ciclos do ensino b\u00e1sico e ainda a pais\/encarregados de educa\u00e7\u00e3o, que podem fazer a sua inscri\u00e7\u00e3o, consoante a respetiva categoria.<\/p>\n\n\n\n<p>Ao longo do ano letivo, s\u00e3o apresentados Desafios sobre temas relacionados com a Cidadania Digital, com o objetivo de sensibilizar para a import\u00e2ncia da utiliza\u00e7\u00e3o segura, respons\u00e1vel e equilibrada das tecnologias digitais.<\/p>\n\n\n\n<p>O primeiro desafio do ano letivo 2024-2025 j\u00e1 se encontra dispon\u00edvel, pelo que as Escolas podem, desde j\u00e1, fazer o seu registo com o c\u00f3digo de estabelecimento de ensino (DGEEC) no portal SeguraNet, em\u00a0<a href=\"https:\/\/www.seguranet.pt\/desafios\">Desafios SeguraNet<\/a>.<\/p>\n\n\n\n<p>No que se refere aos desafios dirigidos \u00e0\u00a0<a href=\"https:\/\/www.seguranet.pt\/pre-escolar1o-ciclo\">Educa\u00e7\u00e3o Pr\u00e9-Escolar e ao 1.\u00ba ciclo do Ensino B\u00e1sico<\/a>, as turmas\/ grupos registados ser\u00e3o, ao longo do ano, convidados a responder a tr\u00eas desafios.<\/p>\n\n\n\n<p>Relativamente ao\u00a0<a href=\"https:\/\/www.seguranet.pt\/desafios-seguranet-dirigidos-aos-2o-e-3o-ciclos\">2.\u00ba e 3.\u00ba ciclos do Ensino B\u00e1sico<\/a>, as equipas de alunos e professores poder\u00e3o responder a um desafio por m\u00eas e as equipas de encarregados de educa\u00e7\u00e3o a desafios trimestrais.\u00a0<\/p>\n\n\n\n<br><br>\n","protected":false},"excerpt":{"rendered":"<p>A Dire\u00e7\u00e3o-Geral da Educa\u00e7\u00e3o, em colabora\u00e7\u00e3o com o Centro de Compet\u00eancia TIC ESE\/IPS de Santar\u00e9m, promove a 18.\u00aa edi\u00e7\u00e3o do<\/p>\n","protected":false},"author":1,"featured_media":7276,"comment_status":"closed","ping_status":"open","sticky":false,"template":"","format":"standard","meta":{"colormag_page_container_layout":"default_layout","colormag_page_sidebar_layout":"default_layout","ngg_post_thumbnail":0,"iawp_total_views":1,"footnotes":"","_links_to":"","_links_to_target":""},"categories":[9,4],"tags":[],"class_list":["post-7275","post","type-post","status-publish","format-standard","has-post-thumbnail","hentry","category-biblioteca","category-educacao"],"_links":{"self":[{"href":"http:\/\/www.aemc.pt\/portal\/index.php\/wp-json\/wp\/v2\/posts\/7275","targetHints":{"allow":["GET"]}}],"collection":[{"href":"http:\/\/www.aemc.pt\/portal\/index.php\/wp-json\/wp\/v2\/posts"}],"about":[{"href":"http:\/\/www.aemc.pt\/portal\/index.php\/wp-json\/wp\/v2\/types\/post"}],"author":[{"embeddable":true,"href":"http:\/\/www.aemc.pt\/portal\/index.php\/wp-json\/wp\/v2\/users\/1"}],"replies":[{"embeddable":true,"href":"http:\/\/www.aemc.pt\/portal\/index.php\/wp-json\/wp\/v2\/comments?post=7275"}],"version-history":[{"count":1,"href":"http:\/\/www.aemc.pt\/portal\/index.php\/wp-json\/wp\/v2\/posts\/7275\/revisions"}],"predecessor-version":[{"id":7277,"href":"http:\/\/www.aemc.pt\/portal\/index.php\/wp-json\/wp\/v2\/posts\/7275\/revisions\/7277"}],"wp:featuredmedia":[{"embeddable":true,"href":"http:\/\/www.aemc.pt\/portal\/index.php\/wp-json\/wp\/v2\/media\/7276"}],"wp:attachment":[{"href":"http:\/\/www.aemc.pt\/portal\/index.php\/wp-json\/wp\/v2\/media?parent=7275"}],"wp:term":[{"taxonomy":"category","embeddable":true,"href":"http:\/\/www.aemc.pt\/portal\/index.php\/wp-json\/wp\/v2\/categories?post=7275"},{"taxonomy":"post_tag","embeddable":true,"href":"http:\/\/www.aemc.pt\/portal\/index.php\/wp-json\/wp\/v2\/tags?post=7275"}],"curies":[{"name":"wp","href":"https:\/\/api.w.org\/{rel}","templated":true}]}}