{"id":7388,"date":"2024-10-25T16:58:51","date_gmt":"2024-10-25T15:58:51","guid":{"rendered":"https:\/\/www.aemc.pt\/portal\/?p=7388"},"modified":"2024-10-25T16:58:52","modified_gmt":"2024-10-25T15:58:52","slug":"55-de-alunos-no-efp-ate-2030","status":"publish","type":"post","link":"http:\/\/www.aemc.pt\/portal\/index.php\/2024\/10\/25\/55-de-alunos-no-efp-ate-2030\/","title":{"rendered":"55% de alunos no EFP At\u00e9 2030"},"content":{"rendered":"\n<blockquote class=\"wp-block-quote is-layout-flow wp-block-quote-is-layout-flow\">\n<p>\u26a0\ufe0f O ensino e forma\u00e7\u00e3o profissional \u00e9 uma op\u00e7\u00e3o s\u00f3lida e promissora para o sucesso profissional dos nossos jovens e para o futuro do nosso pa\u00eds.<\/p>\n<\/blockquote>\n\n\n\n<p>A nossa ambi\u00e7\u00e3o \u00e9 alcan\u00e7ar, at\u00e9 2030:<\/p>\n\n\n\n<p>\ud83d\udc49 55% de alunos no ensino profissional;<br>\ud83d\udc49 45% de alunos no ensino cientifico-human\u00edstico.<\/p>\n\n\n\n<p>\ud83c\udf0d Sabias que muitos pa\u00edses do centro e do norte da Europa, como a Alemanha, a Isl\u00e2ndia ou a Finl\u00e2ndia t\u00eam cerca de 70% dos jovens a frequentar o ensino e forma\u00e7\u00e3o profissional\u2753 \ud83d\ude2e<\/p>\n\n\n\n<p>Em Portugal, o ensino e forma\u00e7\u00e3o profissional \u00e9 muitas vezes visto de forma negativa \u274c, mas estudos mostram que os alunos desta via s\u00e3o mais resilientes, t\u00eam maior capacidade de resolver problemas e s\u00e3o excelentes a trabalhar em equipa \ud83d\udcaa\ud83d\udc65.<\/p>\n\n\n\n<p>Por esta n\u00e3o esperavas, n\u00e3o \u00e9? \ud83e\udd14 Sabias que com o ensino e forma\u00e7\u00e3o profissional podes entrar mais r\u00e1pido no mercado de trabalho e ainda tens acesso aos exames nacionais e ao ensino superior? \ud83d\udc40 E, se preferires, h\u00e1 uma via espec\u00edfica de acesso para os alunos do ensino e forma\u00e7\u00e3o profissional!<\/p>\n\n\n\n<p><br>#EnsinoeFormacaoProfissional <a href=\"https:\/\/www.facebook.com\/hashtag\/campeonatosdasprofissoes?__eep__=6&amp;__cft__%5b0%5d=AZUt1_Uzs2mB3DfYRulo8zTxML9lpzT46aR9McPRRGGMOsmFIFssSh_RTMY3eg0blwi8895N0JAxTtN7CxgDOsRDStAiNK2riMuCJWE6_-5c8FkGF3pi2cqjkh1_QgCRdcKhPqFezPuH7Dm5hKV3oQBnB7hln4xhPyejEBrd9VyNv5f1veBoFuM60gvj-ElZbDZgOO_0A6vuKVoUOFnTHJQS&amp;__tn__=*NK-R\">#campeonatosdasprofissoes<\/a> <a href=\"https:\/\/www.facebook.com\/hashtag\/skillsportugalnorte2024?__eep__=6&amp;__cft__%5b0%5d=AZUt1_Uzs2mB3DfYRulo8zTxML9lpzT46aR9McPRRGGMOsmFIFssSh_RTMY3eg0blwi8895N0JAxTtN7CxgDOsRDStAiNK2riMuCJWE6_-5c8FkGF3pi2cqjkh1_QgCRdcKhPqFezPuH7Dm5hKV3oQBnB7hln4xhPyejEBrd9VyNv5f1veBoFuM60gvj-ElZbDZgOO_0A6vuKVoUOFnTHJQS&amp;__tn__=*NK-R\">#skillsportugalnorte2024<\/a> <a href=\"https:\/\/www.facebook.com\/hashtag\/nossomosworldskills?__eep__=6&amp;__cft__%5b0%5d=AZUt1_Uzs2mB3DfYRulo8zTxML9lpzT46aR9McPRRGGMOsmFIFssSh_RTMY3eg0blwi8895N0JAxTtN7CxgDOsRDStAiNK2riMuCJWE6_-5c8FkGF3pi2cqjkh1_QgCRdcKhPqFezPuH7Dm5hKV3oQBnB7hln4xhPyejEBrd9VyNv5f1veBoFuM60gvj-ElZbDZgOO_0A6vuKVoUOFnTHJQS&amp;__tn__=*NK-R\">#NosSomosWorldSkills<\/a> #OperationsofStrategicImportance #OSI #EUFunds #SocialRights #PESSOAS2030 #iefp<\/p>\n\n\n\n<figure class=\"wp-block-embed is-type-video is-provider-youtube wp-block-embed-youtube wp-embed-aspect-16-9 wp-has-aspect-ratio\"><div class=\"wp-block-embed__wrapper\">\n<iframe loading=\"lazy\" title=\"Ensino e Formac\u0327a\u0303o Profissional\" width=\"800\" height=\"450\" src=\"https:\/\/www.youtube.com\/embed\/oZyfwRtQajk?feature=oembed\" frameborder=\"0\" allow=\"accelerometer; autoplay; clipboard-write; encrypted-media; gyroscope; picture-in-picture; web-share\" referrerpolicy=\"strict-origin-when-cross-origin\" allowfullscreen><\/iframe>\n<\/div><\/figure>\n\n\n\n<br><br>\n","protected":false},"excerpt":{"rendered":"<p>\u26a0\ufe0f O ensino e forma\u00e7\u00e3o profissional \u00e9 uma op\u00e7\u00e3o s\u00f3lida e promissora para o sucesso profissional dos nossos jovens e<\/p>\n","protected":false},"author":1,"featured_media":7389,"comment_status":"closed","ping_status":"open","sticky":false,"template":"","format":"standard","meta":{"colormag_page_container_layout":"default_layout","colormag_page_sidebar_layout":"default_layout","ngg_post_thumbnail":0,"iawp_total_views":1,"footnotes":"","_links_to":"","_links_to_target":""},"categories":[4,20,1],"tags":[],"class_list":["post-7388","post","type-post","status-publish","format-standard","has-post-thumbnail","hentry","category-educacao","category-profissional","category-sem-categoria"],"_links":{"self":[{"href":"http:\/\/www.aemc.pt\/portal\/index.php\/wp-json\/wp\/v2\/posts\/7388","targetHints":{"allow":["GET"]}}],"collection":[{"href":"http:\/\/www.aemc.pt\/portal\/index.php\/wp-json\/wp\/v2\/posts"}],"about":[{"href":"http:\/\/www.aemc.pt\/portal\/index.php\/wp-json\/wp\/v2\/types\/post"}],"author":[{"embeddable":true,"href":"http:\/\/www.aemc.pt\/portal\/index.php\/wp-json\/wp\/v2\/users\/1"}],"replies":[{"embeddable":true,"href":"http:\/\/www.aemc.pt\/portal\/index.php\/wp-json\/wp\/v2\/comments?post=7388"}],"version-history":[{"count":1,"href":"http:\/\/www.aemc.pt\/portal\/index.php\/wp-json\/wp\/v2\/posts\/7388\/revisions"}],"predecessor-version":[{"id":7390,"href":"http:\/\/www.aemc.pt\/portal\/index.php\/wp-json\/wp\/v2\/posts\/7388\/revisions\/7390"}],"wp:featuredmedia":[{"embeddable":true,"href":"http:\/\/www.aemc.pt\/portal\/index.php\/wp-json\/wp\/v2\/media\/7389"}],"wp:attachment":[{"href":"http:\/\/www.aemc.pt\/portal\/index.php\/wp-json\/wp\/v2\/media?parent=7388"}],"wp:term":[{"taxonomy":"category","embeddable":true,"href":"http:\/\/www.aemc.pt\/portal\/index.php\/wp-json\/wp\/v2\/categories?post=7388"},{"taxonomy":"post_tag","embeddable":true,"href":"http:\/\/www.aemc.pt\/portal\/index.php\/wp-json\/wp\/v2\/tags?post=7388"}],"curies":[{"name":"wp","href":"https:\/\/api.w.org\/{rel}","templated":true}]}}