{"id":7405,"date":"2024-10-29T11:05:07","date_gmt":"2024-10-29T10:05:07","guid":{"rendered":"https:\/\/www.aemc.pt\/portal\/?p=7405"},"modified":"2024-12-02T21:32:41","modified_gmt":"2024-12-02T20:32:41","slug":"apresentacao-das-escolas-que-participam-na-mostra","status":"publish","type":"post","link":"http:\/\/www.aemc.pt\/portal\/index.php\/2024\/10\/29\/apresentacao-das-escolas-que-participam-na-mostra\/","title":{"rendered":"Apresenta\u00e7\u00e3o das Escolas que participam na Mostra"},"content":{"rendered":"\n<blockquote class=\"wp-block-quote is-layout-flow wp-block-quote-is-layout-flow\">\n<p>Ainda a pensar se o Ensino e Forma\u00e7\u00e3o Profissional \u00e9 mesmo para ti? \ud83d\udc40<\/p>\n<\/blockquote>\n\n\n\n<p>\u00c9 verdade, foste apanhado(a) \ud83d\ude0f\ud83d\ude02<\/p>\n\n\n\n<p>Entre 13 e 15 de novembro, no Europarque, vais ter a oportunidade \u00fanica de conhecer, no mesmo espa\u00e7o, v\u00e1rias escolas profissionais. \ud83d\udccd<\/p>\n\n\n\n<p>Vem explorar as m\u00faltiplas oportunidades do Ensino e Forma\u00e7\u00e3o Profissional e descobre em que escola est\u00e1 o teu futuro \ud83d\udd25\ud83d\ude80<\/p>\n\n\n\n<p>#EnsinoeFormacaoProfissional <a href=\"https:\/\/www.facebook.com\/hashtag\/campeonatosdasprofissoes?__eep__=6&amp;__cft__%5b0%5d=AZUt1_Uzs2mB3DfYRulo8zTxML9lpzT46aR9McPRRGGMOsmFIFssSh_RTMY3eg0blwi8895N0JAxTtN7CxgDOsRDStAiNK2riMuCJWE6_-5c8FkGF3pi2cqjkh1_QgCRdcKhPqFezPuH7Dm5hKV3oQBnB7hln4xhPyejEBrd9VyNv5f1veBoFuM60gvj-ElZbDZgOO_0A6vuKVoUOFnTHJQS&amp;__tn__=*NK-R\">#campeonatosdasprofissoes<\/a> <a href=\"https:\/\/www.facebook.com\/hashtag\/skillsportugalnorte2024?__eep__=6&amp;__cft__%5b0%5d=AZUt1_Uzs2mB3DfYRulo8zTxML9lpzT46aR9McPRRGGMOsmFIFssSh_RTMY3eg0blwi8895N0JAxTtN7CxgDOsRDStAiNK2riMuCJWE6_-5c8FkGF3pi2cqjkh1_QgCRdcKhPqFezPuH7Dm5hKV3oQBnB7hln4xhPyejEBrd9VyNv5f1veBoFuM60gvj-ElZbDZgOO_0A6vuKVoUOFnTHJQS&amp;__tn__=*NK-R\">#skillsportugalnorte2024<\/a> <a href=\"https:\/\/www.facebook.com\/hashtag\/nossomosworldskills?__eep__=6&amp;__cft__%5b0%5d=AZUt1_Uzs2mB3DfYRulo8zTxML9lpzT46aR9McPRRGGMOsmFIFssSh_RTMY3eg0blwi8895N0JAxTtN7CxgDOsRDStAiNK2riMuCJWE6_-5c8FkGF3pi2cqjkh1_QgCRdcKhPqFezPuH7Dm5hKV3oQBnB7hln4xhPyejEBrd9VyNv5f1veBoFuM60gvj-ElZbDZgOO_0A6vuKVoUOFnTHJQS&amp;__tn__=*NK-R\">#NosSomosWorldSkills<\/a> #OperationsofStrategicImportance #OSI #EUFunds #SocialRights #PESSOAS2030 #iefp<\/p>\n\n\n\n<figure class=\"wp-block-gallery has-nested-images columns-default is-cropped wp-block-gallery-1 is-layout-flex wp-block-gallery-is-layout-flex\">\n<figure class=\"wp-block-image size-full\"><a href=\"https:\/\/www.aemc.pt\/portal\/wp-content\/uploads\/2024\/10\/Mostra-2.png\"><img loading=\"lazy\" decoding=\"async\" width=\"800\" height=\"800\" data-id=\"7408\" src=\"http:\/\/www.aemc.pt\/portal\/wp-content\/uploads\/2024\/10\/Mostra-2.png\" alt=\"\" class=\"wp-image-7408\" srcset=\"http:\/\/www.aemc.pt\/portal\/wp-content\/uploads\/2024\/10\/Mostra-2.png 800w, http:\/\/www.aemc.pt\/portal\/wp-content\/uploads\/2024\/10\/Mostra-2-300x300.png 300w, http:\/\/www.aemc.pt\/portal\/wp-content\/uploads\/2024\/10\/Mostra-2-150x150.png 150w, http:\/\/www.aemc.pt\/portal\/wp-content\/uploads\/2024\/10\/Mostra-2-768x768.png 768w\" sizes=\"auto, (max-width: 800px) 100vw, 800px\" \/><\/a><\/figure>\n\n\n\n<figure class=\"wp-block-image size-full\"><a href=\"https:\/\/www.aemc.pt\/portal\/wp-content\/uploads\/2024\/10\/Mostra-3.png\"><img loading=\"lazy\" decoding=\"async\" width=\"800\" height=\"800\" data-id=\"7406\" src=\"http:\/\/www.aemc.pt\/portal\/wp-content\/uploads\/2024\/10\/Mostra-3.png\" alt=\"\" class=\"wp-image-7406\" srcset=\"http:\/\/www.aemc.pt\/portal\/wp-content\/uploads\/2024\/10\/Mostra-3.png 800w, http:\/\/www.aemc.pt\/portal\/wp-content\/uploads\/2024\/10\/Mostra-3-300x300.png 300w, http:\/\/www.aemc.pt\/portal\/wp-content\/uploads\/2024\/10\/Mostra-3-150x150.png 150w, http:\/\/www.aemc.pt\/portal\/wp-content\/uploads\/2024\/10\/Mostra-3-768x768.png 768w\" sizes=\"auto, (max-width: 800px) 100vw, 800px\" \/><\/a><\/figure>\n\n\n\n<figure class=\"wp-block-image size-full\"><a href=\"https:\/\/www.aemc.pt\/portal\/wp-content\/uploads\/2024\/10\/Mostra-4.png\"><img loading=\"lazy\" decoding=\"async\" width=\"800\" height=\"800\" data-id=\"7407\" src=\"http:\/\/www.aemc.pt\/portal\/wp-content\/uploads\/2024\/10\/Mostra-4.png\" alt=\"\" class=\"wp-image-7407\" srcset=\"http:\/\/www.aemc.pt\/portal\/wp-content\/uploads\/2024\/10\/Mostra-4.png 800w, http:\/\/www.aemc.pt\/portal\/wp-content\/uploads\/2024\/10\/Mostra-4-300x300.png 300w, http:\/\/www.aemc.pt\/portal\/wp-content\/uploads\/2024\/10\/Mostra-4-150x150.png 150w, http:\/\/www.aemc.pt\/portal\/wp-content\/uploads\/2024\/10\/Mostra-4-768x768.png 768w\" sizes=\"auto, (max-width: 800px) 100vw, 800px\" \/><\/a><\/figure>\n\n\n\n<figure class=\"wp-block-image size-full\"><a href=\"https:\/\/www.aemc.pt\/portal\/wp-content\/uploads\/2024\/10\/Mostra-1.png\"><img loading=\"lazy\" decoding=\"async\" width=\"800\" height=\"800\" data-id=\"7409\" src=\"http:\/\/www.aemc.pt\/portal\/wp-content\/uploads\/2024\/10\/Mostra-1.png\" alt=\"\" class=\"wp-image-7409\" srcset=\"http:\/\/www.aemc.pt\/portal\/wp-content\/uploads\/2024\/10\/Mostra-1.png 800w, http:\/\/www.aemc.pt\/portal\/wp-content\/uploads\/2024\/10\/Mostra-1-300x300.png 300w, http:\/\/www.aemc.pt\/portal\/wp-content\/uploads\/2024\/10\/Mostra-1-150x150.png 150w, http:\/\/www.aemc.pt\/portal\/wp-content\/uploads\/2024\/10\/Mostra-1-768x768.png 768w\" sizes=\"auto, (max-width: 800px) 100vw, 800px\" \/><\/a><\/figure>\n<\/figure>\n\n\n\n<br><br>\n\n\n\n<p><\/p>\n","protected":false},"excerpt":{"rendered":"<p>Ainda a pensar se o Ensino e Forma\u00e7\u00e3o Profissional \u00e9 mesmo para ti? \ud83d\udc40 \u00c9 verdade, foste apanhado(a) \ud83d\ude0f\ud83d\ude02 Entre<\/p>\n","protected":false},"author":1,"featured_media":7410,"comment_status":"closed","ping_status":"open","sticky":false,"template":"","format":"standard","meta":{"colormag_page_container_layout":"default_layout","colormag_page_sidebar_layout":"default_layout","ngg_post_thumbnail":0,"iawp_total_views":0,"footnotes":"","_links_to":"","_links_to_target":""},"categories":[4,20],"tags":[],"class_list":["post-7405","post","type-post","status-publish","format-standard","has-post-thumbnail","hentry","category-educacao","category-profissional"],"_links":{"self":[{"href":"http:\/\/www.aemc.pt\/portal\/index.php\/wp-json\/wp\/v2\/posts\/7405","targetHints":{"allow":["GET"]}}],"collection":[{"href":"http:\/\/www.aemc.pt\/portal\/index.php\/wp-json\/wp\/v2\/posts"}],"about":[{"href":"http:\/\/www.aemc.pt\/portal\/index.php\/wp-json\/wp\/v2\/types\/post"}],"author":[{"embeddable":true,"href":"http:\/\/www.aemc.pt\/portal\/index.php\/wp-json\/wp\/v2\/users\/1"}],"replies":[{"embeddable":true,"href":"http:\/\/www.aemc.pt\/portal\/index.php\/wp-json\/wp\/v2\/comments?post=7405"}],"version-history":[{"count":1,"href":"http:\/\/www.aemc.pt\/portal\/index.php\/wp-json\/wp\/v2\/posts\/7405\/revisions"}],"predecessor-version":[{"id":7411,"href":"http:\/\/www.aemc.pt\/portal\/index.php\/wp-json\/wp\/v2\/posts\/7405\/revisions\/7411"}],"wp:featuredmedia":[{"embeddable":true,"href":"http:\/\/www.aemc.pt\/portal\/index.php\/wp-json\/wp\/v2\/media\/7410"}],"wp:attachment":[{"href":"http:\/\/www.aemc.pt\/portal\/index.php\/wp-json\/wp\/v2\/media?parent=7405"}],"wp:term":[{"taxonomy":"category","embeddable":true,"href":"http:\/\/www.aemc.pt\/portal\/index.php\/wp-json\/wp\/v2\/categories?post=7405"},{"taxonomy":"post_tag","embeddable":true,"href":"http:\/\/www.aemc.pt\/portal\/index.php\/wp-json\/wp\/v2\/tags?post=7405"}],"curies":[{"name":"wp","href":"https:\/\/api.w.org\/{rel}","templated":true}]}}