{"id":7463,"date":"2024-11-12T16:03:01","date_gmt":"2024-11-12T15:03:01","guid":{"rendered":"https:\/\/www.aemc.pt\/portal\/?p=7463"},"modified":"2024-11-13T12:26:58","modified_gmt":"2024-11-13T11:26:58","slug":"palestra-os-numeros-primos-e-os-seus-segredos","status":"publish","type":"post","link":"http:\/\/www.aemc.pt\/portal\/index.php\/2024\/11\/12\/palestra-os-numeros-primos-e-os-seus-segredos\/","title":{"rendered":"** EVENTO CANCELADO ** Palestra &#8211; \u201cOs n\u00fameros primos e os seus segredos\u201d"},"content":{"rendered":"\n<blockquote class=\"wp-block-quote is-layout-flow wp-block-quote-is-layout-flow\">\n<p>Queres conhecer quais os segredos dos n\u00fameros primos?<\/p>\n<\/blockquote>\n\n\n\n<p>No dia 15 de novembro, pelas 10h45min, no Centro Cultural de Macedo de Cavaleiros, o orador Ant\u00f3nio Machiavelo, professor da Universidade do Porto, vai revelar todos os segredos por detr\u00e1s destes n\u00fameros.<\/p>\n\n\n\n<p>Junta-te a n\u00f3s!<\/p>\n\n\n\n<p><\/p>\n\n\n\n<figure class=\"wp-block-image size-large\"><img loading=\"lazy\" decoding=\"async\" width=\"724\" height=\"1024\" src=\"http:\/\/www.aemc.pt\/portal\/wp-content\/uploads\/2024\/10\/QR_Cartaz-724x1024.jpg\" alt=\"\" class=\"wp-image-7378\" srcset=\"http:\/\/www.aemc.pt\/portal\/wp-content\/uploads\/2024\/10\/QR_Cartaz-724x1024.jpg 724w, http:\/\/www.aemc.pt\/portal\/wp-content\/uploads\/2024\/10\/QR_Cartaz-212x300.jpg 212w, http:\/\/www.aemc.pt\/portal\/wp-content\/uploads\/2024\/10\/QR_Cartaz-768x1086.jpg 768w, http:\/\/www.aemc.pt\/portal\/wp-content\/uploads\/2024\/10\/QR_Cartaz-1086x1536.jpg 1086w, http:\/\/www.aemc.pt\/portal\/wp-content\/uploads\/2024\/10\/QR_Cartaz.jpg 1122w\" sizes=\"auto, (max-width: 724px) 100vw, 724px\" \/><\/figure>\n","protected":false},"excerpt":{"rendered":"<p>Queres conhecer quais os segredos dos n\u00fameros primos? No dia 15 de novembro, pelas 10h45min, no Centro Cultural de Macedo<\/p>\n","protected":false},"author":1,"featured_media":7484,"comment_status":"closed","ping_status":"open","sticky":false,"template":"","format":"standard","meta":{"colormag_page_container_layout":"default_layout","colormag_page_sidebar_layout":"default_layout","ngg_post_thumbnail":0,"iawp_total_views":3,"footnotes":"","_links_to":"","_links_to_target":""},"categories":[4],"tags":[],"class_list":["post-7463","post","type-post","status-publish","format-standard","has-post-thumbnail","hentry","category-educacao"],"_links":{"self":[{"href":"http:\/\/www.aemc.pt\/portal\/index.php\/wp-json\/wp\/v2\/posts\/7463","targetHints":{"allow":["GET"]}}],"collection":[{"href":"http:\/\/www.aemc.pt\/portal\/index.php\/wp-json\/wp\/v2\/posts"}],"about":[{"href":"http:\/\/www.aemc.pt\/portal\/index.php\/wp-json\/wp\/v2\/types\/post"}],"author":[{"embeddable":true,"href":"http:\/\/www.aemc.pt\/portal\/index.php\/wp-json\/wp\/v2\/users\/1"}],"replies":[{"embeddable":true,"href":"http:\/\/www.aemc.pt\/portal\/index.php\/wp-json\/wp\/v2\/comments?post=7463"}],"version-history":[{"count":4,"href":"http:\/\/www.aemc.pt\/portal\/index.php\/wp-json\/wp\/v2\/posts\/7463\/revisions"}],"predecessor-version":[{"id":7486,"href":"http:\/\/www.aemc.pt\/portal\/index.php\/wp-json\/wp\/v2\/posts\/7463\/revisions\/7486"}],"wp:featuredmedia":[{"embeddable":true,"href":"http:\/\/www.aemc.pt\/portal\/index.php\/wp-json\/wp\/v2\/media\/7484"}],"wp:attachment":[{"href":"http:\/\/www.aemc.pt\/portal\/index.php\/wp-json\/wp\/v2\/media?parent=7463"}],"wp:term":[{"taxonomy":"category","embeddable":true,"href":"http:\/\/www.aemc.pt\/portal\/index.php\/wp-json\/wp\/v2\/categories?post=7463"},{"taxonomy":"post_tag","embeddable":true,"href":"http:\/\/www.aemc.pt\/portal\/index.php\/wp-json\/wp\/v2\/tags?post=7463"}],"curies":[{"name":"wp","href":"https:\/\/api.w.org\/{rel}","templated":true}]}}