{"id":7505,"date":"2024-11-18T11:06:56","date_gmt":"2024-11-18T10:06:56","guid":{"rendered":"https:\/\/www.aemc.pt\/portal\/?p=7505"},"modified":"2024-11-18T11:06:57","modified_gmt":"2024-11-18T10:06:57","slug":"a-terra-treme","status":"publish","type":"post","link":"http:\/\/www.aemc.pt\/portal\/index.php\/2024\/11\/18\/a-terra-treme\/","title":{"rendered":"A Terra Treme"},"content":{"rendered":"\n<blockquote class=\"wp-block-quote is-layout-flow wp-block-quote-is-layout-flow\">\n<p>A Terra Treme \u00e9 um exerc\u00edcio que pretende alertar e sensibilizar a popula\u00e7\u00e3o sobre como agir\u00a0<strong>antes, durante e depois<\/strong>\u00a0da ocorr\u00eancia de um sismo.<\/p>\n<\/blockquote>\n\n\n\n<p>No dia 5 de novembro decorreu a 12.\u00aa edi\u00e7\u00e3o do exerc\u00edcio de preven\u00e7\u00e3o do risco s\u00edsmico &#8211; A TERRA TREME, o AEMC associou-se, mais uma vez, a esta iniciativa de cidadania promovido pela Autoridade Nacional de Emerg\u00eancia e Prote\u00e7\u00e3o Civil. \u00c0s 11:05 deu-se in\u00edcio ao Exerc\u00edcio com toque de campainha para assinalar o \u201cinicio\u201d do Sismo e o desencadear dos 3 gestos: BAIXAR, PROTEGER e AGUARDAR.<\/p>\n\n\n\n<p>De real\u00e7ar todo o esfor\u00e7o e empenho dos alunos de Geografia A do 11\u00baB.<\/p>\n\n\n\n<br>\n\n\n\n<figure class=\"wp-block-video\"><video height=\"320\" style=\"aspect-ratio: 568 \/ 320;\" width=\"568\" controls src=\"https:\/\/www.aemc.pt\/portal\/wp-content\/uploads\/2024\/11\/Terra-Treme.mov\"><\/video><\/figure>\n\n\n\n<br><br>\n","protected":false},"excerpt":{"rendered":"<p>A Terra Treme \u00e9 um exerc\u00edcio que pretende alertar e sensibilizar a popula\u00e7\u00e3o sobre como agir\u00a0antes, durante e depois\u00a0da ocorr\u00eancia<\/p>\n","protected":false},"author":1,"featured_media":7508,"comment_status":"closed","ping_status":"open","sticky":false,"template":"","format":"standard","meta":{"colormag_page_container_layout":"default_layout","colormag_page_sidebar_layout":"default_layout","ngg_post_thumbnail":0,"iawp_total_views":4,"footnotes":"","_links_to":"","_links_to_target":""},"categories":[4],"tags":[],"class_list":["post-7505","post","type-post","status-publish","format-standard","has-post-thumbnail","hentry","category-educacao"],"_links":{"self":[{"href":"http:\/\/www.aemc.pt\/portal\/index.php\/wp-json\/wp\/v2\/posts\/7505","targetHints":{"allow":["GET"]}}],"collection":[{"href":"http:\/\/www.aemc.pt\/portal\/index.php\/wp-json\/wp\/v2\/posts"}],"about":[{"href":"http:\/\/www.aemc.pt\/portal\/index.php\/wp-json\/wp\/v2\/types\/post"}],"author":[{"embeddable":true,"href":"http:\/\/www.aemc.pt\/portal\/index.php\/wp-json\/wp\/v2\/users\/1"}],"replies":[{"embeddable":true,"href":"http:\/\/www.aemc.pt\/portal\/index.php\/wp-json\/wp\/v2\/comments?post=7505"}],"version-history":[{"count":1,"href":"http:\/\/www.aemc.pt\/portal\/index.php\/wp-json\/wp\/v2\/posts\/7505\/revisions"}],"predecessor-version":[{"id":7507,"href":"http:\/\/www.aemc.pt\/portal\/index.php\/wp-json\/wp\/v2\/posts\/7505\/revisions\/7507"}],"wp:featuredmedia":[{"embeddable":true,"href":"http:\/\/www.aemc.pt\/portal\/index.php\/wp-json\/wp\/v2\/media\/7508"}],"wp:attachment":[{"href":"http:\/\/www.aemc.pt\/portal\/index.php\/wp-json\/wp\/v2\/media?parent=7505"}],"wp:term":[{"taxonomy":"category","embeddable":true,"href":"http:\/\/www.aemc.pt\/portal\/index.php\/wp-json\/wp\/v2\/categories?post=7505"},{"taxonomy":"post_tag","embeddable":true,"href":"http:\/\/www.aemc.pt\/portal\/index.php\/wp-json\/wp\/v2\/tags?post=7505"}],"curies":[{"name":"wp","href":"https:\/\/api.w.org\/{rel}","templated":true}]}}