{"id":7528,"date":"2024-11-26T14:59:10","date_gmt":"2024-11-26T13:59:10","guid":{"rendered":"https:\/\/www.aemc.pt\/portal\/?p=7528"},"modified":"2024-11-26T14:59:44","modified_gmt":"2024-11-26T13:59:44","slug":"dia-mundial-da-filosofia-2024","status":"publish","type":"post","link":"http:\/\/www.aemc.pt\/portal\/index.php\/2024\/11\/26\/dia-mundial-da-filosofia-2024\/","title":{"rendered":"Dia Mundial da Filosofia 2024"},"content":{"rendered":"\n<p>\u201cA filosofia \u00e9 uma disciplina apaixonante, \u00e9 tamb\u00e9m uma pr\u00e1tica quotidiana que pode transformar as sociedades. Ao permitir a descoberta da diversidade das correntes intelectuais no mundo, a filosofia estimula o di\u00e1logo intercultural. Ao despertar mentes para o exerc\u00edcio do pensamento e para o confronto racional de opini\u00f5es, a filosofia contribui para a constru\u00e7\u00e3o de uma sociedade mais tolerante e respeitadora.\u201c <br>Estas foram palavras da Secret\u00e1ria-Geral da UNESCO, Audrey Azoulay, por ocasi\u00e3o da Comemora\u00e7\u00e3o de um Dia Mundial da Filosofia.<\/p>\n\n\n\n<p>Os alunos do AEMC (ensino secund\u00e1rio e ensino profissional) assinalaram este dia com algumas atividades do Mural da Filosofia: Concurso de m\u00e1scaras Quem somos n\u00f3s? Exposi\u00e7\u00e3o de poemas\/ cartazes\/frases; Declama\u00e7\u00e3o de poemas\/m\u00fasicas\u2026 alusivos ao tema a busca da unidade para al\u00e9m das diferen\u00e7as.<\/p>\n\n\n\n<p>A todos os alunos, muito obrigada.<\/p>\n\n\n\n<p>Ver fotografias e v\u00eddeo em: <\/p>\n\n\n\n<p><a href=\"https:\/\/www.aemc.pt\/biblioteca\/2024\/11\/21\/dia-mundial-da-filosofia-2024\/\" target=\"_blank\" rel=\"noreferrer noopener\">https:\/\/www.aemc.pt\/biblioteca\/2024\/11\/21\/dia-mundial-da-filosofia-2024\/<\/a><\/p>\n\n\n\n<BR><BR>\n","protected":false},"excerpt":{"rendered":"<p>\u201cA filosofia \u00e9 uma disciplina apaixonante, \u00e9 tamb\u00e9m uma pr\u00e1tica quotidiana que pode transformar as sociedades. Ao permitir a descoberta<\/p>\n","protected":false},"author":1,"featured_media":7529,"comment_status":"closed","ping_status":"open","sticky":false,"template":"","format":"standard","meta":{"colormag_page_container_layout":"default_layout","colormag_page_sidebar_layout":"default_layout","ngg_post_thumbnail":0,"iawp_total_views":33,"footnotes":"","_links_to":"","_links_to_target":""},"categories":[9,4],"tags":[],"class_list":["post-7528","post","type-post","status-publish","format-standard","has-post-thumbnail","hentry","category-biblioteca","category-educacao"],"_links":{"self":[{"href":"http:\/\/www.aemc.pt\/portal\/index.php\/wp-json\/wp\/v2\/posts\/7528","targetHints":{"allow":["GET"]}}],"collection":[{"href":"http:\/\/www.aemc.pt\/portal\/index.php\/wp-json\/wp\/v2\/posts"}],"about":[{"href":"http:\/\/www.aemc.pt\/portal\/index.php\/wp-json\/wp\/v2\/types\/post"}],"author":[{"embeddable":true,"href":"http:\/\/www.aemc.pt\/portal\/index.php\/wp-json\/wp\/v2\/users\/1"}],"replies":[{"embeddable":true,"href":"http:\/\/www.aemc.pt\/portal\/index.php\/wp-json\/wp\/v2\/comments?post=7528"}],"version-history":[{"count":2,"href":"http:\/\/www.aemc.pt\/portal\/index.php\/wp-json\/wp\/v2\/posts\/7528\/revisions"}],"predecessor-version":[{"id":7531,"href":"http:\/\/www.aemc.pt\/portal\/index.php\/wp-json\/wp\/v2\/posts\/7528\/revisions\/7531"}],"wp:featuredmedia":[{"embeddable":true,"href":"http:\/\/www.aemc.pt\/portal\/index.php\/wp-json\/wp\/v2\/media\/7529"}],"wp:attachment":[{"href":"http:\/\/www.aemc.pt\/portal\/index.php\/wp-json\/wp\/v2\/media?parent=7528"}],"wp:term":[{"taxonomy":"category","embeddable":true,"href":"http:\/\/www.aemc.pt\/portal\/index.php\/wp-json\/wp\/v2\/categories?post=7528"},{"taxonomy":"post_tag","embeddable":true,"href":"http:\/\/www.aemc.pt\/portal\/index.php\/wp-json\/wp\/v2\/tags?post=7528"}],"curies":[{"name":"wp","href":"https:\/\/api.w.org\/{rel}","templated":true}]}}