{"id":7629,"date":"2025-01-15T20:45:22","date_gmt":"2025-01-15T19:45:22","guid":{"rendered":"https:\/\/www.aemc.pt\/portal\/?p=7629"},"modified":"2025-01-17T12:40:57","modified_gmt":"2025-01-17T11:40:57","slug":"a-matematica-na-profissao-dos-encarregados-de-educacao-2","status":"publish","type":"post","link":"http:\/\/www.aemc.pt\/portal\/index.php\/2025\/01\/15\/a-matematica-na-profissao-dos-encarregados-de-educacao-2\/","title":{"rendered":"A Matem\u00e1tica na profiss\u00e3o dos Encarregados de Educa\u00e7\u00e3o"},"content":{"rendered":"\n<BR>\n\n\n\n<figure class=\"wp-block-image size-large\"><img loading=\"lazy\" decoding=\"async\" width=\"724\" height=\"1024\" src=\"http:\/\/www.aemc.pt\/portal\/wp-content\/uploads\/2025\/01\/Cartaz-MatProfEE-2025-724x1024.png\" alt=\"\" class=\"wp-image-7631\" srcset=\"http:\/\/www.aemc.pt\/portal\/wp-content\/uploads\/2025\/01\/Cartaz-MatProfEE-2025-724x1024.png 724w, http:\/\/www.aemc.pt\/portal\/wp-content\/uploads\/2025\/01\/Cartaz-MatProfEE-2025-212x300.png 212w, http:\/\/www.aemc.pt\/portal\/wp-content\/uploads\/2025\/01\/Cartaz-MatProfEE-2025-768x1086.png 768w, http:\/\/www.aemc.pt\/portal\/wp-content\/uploads\/2025\/01\/Cartaz-MatProfEE-2025-1086x1536.png 1086w, http:\/\/www.aemc.pt\/portal\/wp-content\/uploads\/2025\/01\/Cartaz-MatProfEE-2025-1448x2048.png 1448w, http:\/\/www.aemc.pt\/portal\/wp-content\/uploads\/2025\/01\/Cartaz-MatProfEE-2025.png 1587w\" sizes=\"auto, (max-width: 724px) 100vw, 724px\" \/><\/figure>\n\n\n\n<BR><BR>\n","protected":false},"excerpt":{"rendered":"","protected":false},"author":1,"featured_media":7630,"comment_status":"closed","ping_status":"open","sticky":false,"template":"","format":"standard","meta":{"colormag_page_container_layout":"default_layout","colormag_page_sidebar_layout":"default_layout","ngg_post_thumbnail":0,"iawp_total_views":75,"footnotes":"","_links_to":"","_links_to_target":""},"categories":[9,4],"tags":[],"class_list":["post-7629","post","type-post","status-publish","format-standard","has-post-thumbnail","hentry","category-biblioteca","category-educacao"],"_links":{"self":[{"href":"http:\/\/www.aemc.pt\/portal\/index.php\/wp-json\/wp\/v2\/posts\/7629","targetHints":{"allow":["GET"]}}],"collection":[{"href":"http:\/\/www.aemc.pt\/portal\/index.php\/wp-json\/wp\/v2\/posts"}],"about":[{"href":"http:\/\/www.aemc.pt\/portal\/index.php\/wp-json\/wp\/v2\/types\/post"}],"author":[{"embeddable":true,"href":"http:\/\/www.aemc.pt\/portal\/index.php\/wp-json\/wp\/v2\/users\/1"}],"replies":[{"embeddable":true,"href":"http:\/\/www.aemc.pt\/portal\/index.php\/wp-json\/wp\/v2\/comments?post=7629"}],"version-history":[{"count":3,"href":"http:\/\/www.aemc.pt\/portal\/index.php\/wp-json\/wp\/v2\/posts\/7629\/revisions"}],"predecessor-version":[{"id":7638,"href":"http:\/\/www.aemc.pt\/portal\/index.php\/wp-json\/wp\/v2\/posts\/7629\/revisions\/7638"}],"wp:featuredmedia":[{"embeddable":true,"href":"http:\/\/www.aemc.pt\/portal\/index.php\/wp-json\/wp\/v2\/media\/7630"}],"wp:attachment":[{"href":"http:\/\/www.aemc.pt\/portal\/index.php\/wp-json\/wp\/v2\/media?parent=7629"}],"wp:term":[{"taxonomy":"category","embeddable":true,"href":"http:\/\/www.aemc.pt\/portal\/index.php\/wp-json\/wp\/v2\/categories?post=7629"},{"taxonomy":"post_tag","embeddable":true,"href":"http:\/\/www.aemc.pt\/portal\/index.php\/wp-json\/wp\/v2\/tags?post=7629"}],"curies":[{"name":"wp","href":"https:\/\/api.w.org\/{rel}","templated":true}]}}