{"id":7902,"date":"2025-04-17T09:40:54","date_gmt":"2025-04-17T08:40:54","guid":{"rendered":"https:\/\/www.aemc.pt\/portal\/?p=7902"},"modified":"2025-04-20T17:37:36","modified_gmt":"2025-04-20T16:37:36","slug":"visita-de-estudo-ensino-profissional-na-galiza","status":"publish","type":"post","link":"http:\/\/www.aemc.pt\/portal\/index.php\/2025\/04\/17\/visita-de-estudo-ensino-profissional-na-galiza\/","title":{"rendered":"Visita de estudo > Ensino profissional na Galiza"},"content":{"rendered":"\n<blockquote class=\"wp-block-quote is-layout-flow wp-block-quote-is-layout-flow\">\n<p>Uma experi\u00eancia enriquecedora e memor\u00e1vel.<\/p>\n<\/blockquote>\n\n\n\n<p><br>Entre os dias 2 e 4 de abril, os alunos dos cursos profissionais de T\u00e9cnico Auxiliar de Sa\u00fade e T\u00e9cnico de Restaurante\/Bar do Agrupamento de Escolas de Macedo de Cavaleiros participaram numa enriquecedora visita de estudo internacional \u00e0 Galiza (Espanha) e a Viana do Castelo. Esta iniciativa teve como principal objetivo promover a aprendizagem em contexto real, o contacto com institui\u00e7\u00f5es de refer\u00eancia nas respetivas \u00e1reas profissionais e o enriquecimento cultural dos alunos.<\/p>\n\n\n\n<p>Os alunos do curso de T\u00e9cnico Auxiliar de Sa\u00fade viveram momentos de grande valor formativo, com destaque para:<br>&#8211; A experi\u00eancia termal nas Termas de Outariz, em Ourense, onde puderam explorar o impacto das \u00e1guas termais na sa\u00fade e bem-estar.<br>&#8211; A visita ao Hospital \u00c1lvaro Cunqueiro, em Vigo, um dos momentos altos da viagem. Recebidos por profissionais de sa\u00fade, os alunos foram divididos em grupos para uma visita guiada que incluiu o servi\u00e7o de gastroenterologia, uma enfermaria em press\u00e3o negativa (utilizada para isolamento de doentes com infe\u00e7\u00f5es por via a\u00e9rea) e a entrada no bloco operat\u00f3rio, onde aprenderam sobre o funcionamento e normas de seguran\u00e7a de um espa\u00e7o altamente especializado.<br>&#8211; A visita culminou em Viana do Castelo, com a passagem pelo emblem\u00e1tico Navio Hospital Gil Eanes, hoje transformado em museu, onde compreenderam o papel vital deste navio no apoio \u00e0 frota pesqueira portuguesa e na presta\u00e7\u00e3o de cuidados de sa\u00fade em alto mar.<\/p>\n\n\n\n<p>Os alunos do curso de Restaurante\/Bar tamb\u00e9m embarcaram numa viagem formativa e cultural, iniciando a visita com uma passagem pelo Hotel Casino Solverde, em Chaves, entidade parceira do agrupamento para a forma\u00e7\u00e3o em contexto de trabalho (FCT). Aqui, puderam observar o funcionamento de um espa\u00e7o de excel\u00eancia no setor da hotelaria.<br>Seguiu-se uma paragem em Ourense, com visita ao centro hist\u00f3rico, e a chegada a Santiago de Compostela, onde exploraram a imponente catedral e o centro hist\u00f3rico, observando a diversidade da oferta tur\u00edstica e gastron\u00f3mica da capital galega. Em Vigo, no segundo dia, visitaram o Museu das Conservas, refer\u00eancia na preserva\u00e7\u00e3o da hist\u00f3ria da ind\u00fastria conserveira da regi\u00e3o. O dia terminou em Viana do Castelo, com uma visita ao centro hist\u00f3rico, onde foi feita uma an\u00e1lise \u00e0 oferta tur\u00edstica local.<br>No terceiro dia, os alunos visitaram a Escola de Hotelaria e Turismo de Viana do Castelo, onde assistiram a uma sess\u00e3o de informa\u00e7\u00e3o sobre prosseguimento de estudos e puderam almo\u00e7ar no restaurante pedag\u00f3gico da escola, vivenciando pr\u00e1ticas de excel\u00eancia na restaura\u00e7\u00e3o.<\/p>\n\n\n\n<p>A visita de estudo superou as expectativas, proporcionando aos alunos experi\u00eancias reais e multidisciplinares, fundamentais para o seu crescimento pessoal e profissional. O Agrupamento de Escolas de Macedo de Cavaleiros congratula-se com o sucesso desta iniciativa e felicita os alunos pelo seu comportamento exemplar e interesse demonstrado ao longo de toda a atividade. Continuamos a investir em experi\u00eancias educativas transformadoras, que ligam o saber \u00e0 pr\u00e1tica e preparam os nossos alunos para o futuro.<\/p>\n\n\n\nngg_shortcode_0_placeholder\n","protected":false},"excerpt":{"rendered":"<p>Uma experi\u00eancia enriquecedora e memor\u00e1vel. Entre os dias 2 e 4 de abril, os alunos dos cursos profissionais de T\u00e9cnico<\/p>\n","protected":false},"author":1,"featured_media":7910,"comment_status":"closed","ping_status":"open","sticky":false,"template":"","format":"standard","meta":{"colormag_page_container_layout":"default_layout","colormag_page_sidebar_layout":"default_layout","ngg_post_thumbnail":0,"iawp_total_views":23,"footnotes":"","_links_to":"","_links_to_target":""},"categories":[4,20],"tags":[],"class_list":["post-7902","post","type-post","status-publish","format-standard","has-post-thumbnail","hentry","category-educacao","category-profissional"],"_links":{"self":[{"href":"http:\/\/www.aemc.pt\/portal\/index.php\/wp-json\/wp\/v2\/posts\/7902","targetHints":{"allow":["GET"]}}],"collection":[{"href":"http:\/\/www.aemc.pt\/portal\/index.php\/wp-json\/wp\/v2\/posts"}],"about":[{"href":"http:\/\/www.aemc.pt\/portal\/index.php\/wp-json\/wp\/v2\/types\/post"}],"author":[{"embeddable":true,"href":"http:\/\/www.aemc.pt\/portal\/index.php\/wp-json\/wp\/v2\/users\/1"}],"replies":[{"embeddable":true,"href":"http:\/\/www.aemc.pt\/portal\/index.php\/wp-json\/wp\/v2\/comments?post=7902"}],"version-history":[{"count":2,"href":"http:\/\/www.aemc.pt\/portal\/index.php\/wp-json\/wp\/v2\/posts\/7902\/revisions"}],"predecessor-version":[{"id":7946,"href":"http:\/\/www.aemc.pt\/portal\/index.php\/wp-json\/wp\/v2\/posts\/7902\/revisions\/7946"}],"wp:featuredmedia":[{"embeddable":true,"href":"http:\/\/www.aemc.pt\/portal\/index.php\/wp-json\/wp\/v2\/media\/7910"}],"wp:attachment":[{"href":"http:\/\/www.aemc.pt\/portal\/index.php\/wp-json\/wp\/v2\/media?parent=7902"}],"wp:term":[{"taxonomy":"category","embeddable":true,"href":"http:\/\/www.aemc.pt\/portal\/index.php\/wp-json\/wp\/v2\/categories?post=7902"},{"taxonomy":"post_tag","embeddable":true,"href":"http:\/\/www.aemc.pt\/portal\/index.php\/wp-json\/wp\/v2\/tags?post=7902"}],"curies":[{"name":"wp","href":"https:\/\/api.w.org\/{rel}","templated":true}]}}