{"id":8173,"date":"2025-06-03T11:53:56","date_gmt":"2025-06-03T10:53:56","guid":{"rendered":"https:\/\/www.aemc.pt\/portal\/?p=8173"},"modified":"2025-06-03T11:54:46","modified_gmt":"2025-06-03T10:54:46","slug":"transportes-provas-e-exames-3","status":"publish","type":"post","link":"http:\/\/www.aemc.pt\/portal\/index.php\/2025\/06\/03\/transportes-provas-e-exames-3\/","title":{"rendered":"Transportes &#8211; Provas e Exames"},"content":{"rendered":"\n<blockquote class=\"wp-block-quote is-layout-flow wp-block-quote-is-layout-flow\">\n<p><strong><strong>Transportes <\/strong><\/strong>Escolares para a realiza\u00e7\u00e3o de provas e exames.<\/p>\n<\/blockquote>\n\n\n\n<p>Os transportes escolares funcionam at\u00e9 ao dia 13 de junho.<\/p>\n\n\n\n<p>Depois da referida data, os alunos que v\u00e3o realizar as provas finais de 9.\u00ba ano \/ exames nacionais de 11.\u00ba e 12.\u00ba anos e que pretendam usufruir do transporte escolar ter\u00e3o que o solicitar, atrav\u00e9s do preenchimento do formul\u00e1rio dispon\u00edvel no link <a href=\"https:\/\/www.cm-macedodecavaleiros.pt\/pages\/1082\" target=\"_blank\" rel=\"noreferrer noopener\">https:\/\/www.cm-macedodecavaleiros.pt\/pages\/1082<\/a>, com 5 dias de anteced\u00eancia.<\/p>\n\n\n\n<p>Deve ser efetuado um pedido por exame.<\/p>\n\n\n\n<figure class=\"wp-block-image aligncenter size-large\"><img loading=\"lazy\" decoding=\"async\" width=\"730\" height=\"1024\" src=\"https:\/\/www.aemc.pt\/portal\/wp-content\/uploads\/2025\/06\/Aviso-Transportes-Provas-e-Exames-730x1024.jpg\" alt=\"\" class=\"wp-image-8175\" srcset=\"http:\/\/www.aemc.pt\/portal\/wp-content\/uploads\/2025\/06\/Aviso-Transportes-Provas-e-Exames-730x1024.jpg 730w, http:\/\/www.aemc.pt\/portal\/wp-content\/uploads\/2025\/06\/Aviso-Transportes-Provas-e-Exames-214x300.jpg 214w, http:\/\/www.aemc.pt\/portal\/wp-content\/uploads\/2025\/06\/Aviso-Transportes-Provas-e-Exames-768x1078.jpg 768w, http:\/\/www.aemc.pt\/portal\/wp-content\/uploads\/2025\/06\/Aviso-Transportes-Provas-e-Exames-1095x1536.jpg 1095w, http:\/\/www.aemc.pt\/portal\/wp-content\/uploads\/2025\/06\/Aviso-Transportes-Provas-e-Exames-1459x2048.jpg 1459w, http:\/\/www.aemc.pt\/portal\/wp-content\/uploads\/2025\/06\/Aviso-Transportes-Provas-e-Exames-scaled.jpg 1824w\" sizes=\"auto, (max-width: 730px) 100vw, 730px\" \/><\/figure>\n\n\n\n<br><br><br>\n","protected":false},"excerpt":{"rendered":"<p>Transportes Escolares para a realiza\u00e7\u00e3o de provas e exames. Os transportes escolares funcionam at\u00e9 ao dia 13 de junho. Depois<\/p>\n","protected":false},"author":1,"featured_media":7820,"comment_status":"closed","ping_status":"open","sticky":false,"template":"","format":"standard","meta":{"colormag_page_container_layout":"default_layout","colormag_page_sidebar_layout":"default_layout","ngg_post_thumbnail":0,"iawp_total_views":10,"footnotes":"","_links_to":"","_links_to_target":""},"categories":[4,74],"tags":[82],"class_list":["post-8173","post","type-post","status-publish","format-standard","has-post-thumbnail","hentry","category-educacao","category-exames","tag-ex2025"],"_links":{"self":[{"href":"http:\/\/www.aemc.pt\/portal\/index.php\/wp-json\/wp\/v2\/posts\/8173","targetHints":{"allow":["GET"]}}],"collection":[{"href":"http:\/\/www.aemc.pt\/portal\/index.php\/wp-json\/wp\/v2\/posts"}],"about":[{"href":"http:\/\/www.aemc.pt\/portal\/index.php\/wp-json\/wp\/v2\/types\/post"}],"author":[{"embeddable":true,"href":"http:\/\/www.aemc.pt\/portal\/index.php\/wp-json\/wp\/v2\/users\/1"}],"replies":[{"embeddable":true,"href":"http:\/\/www.aemc.pt\/portal\/index.php\/wp-json\/wp\/v2\/comments?post=8173"}],"version-history":[{"count":3,"href":"http:\/\/www.aemc.pt\/portal\/index.php\/wp-json\/wp\/v2\/posts\/8173\/revisions"}],"predecessor-version":[{"id":8177,"href":"http:\/\/www.aemc.pt\/portal\/index.php\/wp-json\/wp\/v2\/posts\/8173\/revisions\/8177"}],"wp:featuredmedia":[{"embeddable":true,"href":"http:\/\/www.aemc.pt\/portal\/index.php\/wp-json\/wp\/v2\/media\/7820"}],"wp:attachment":[{"href":"http:\/\/www.aemc.pt\/portal\/index.php\/wp-json\/wp\/v2\/media?parent=8173"}],"wp:term":[{"taxonomy":"category","embeddable":true,"href":"http:\/\/www.aemc.pt\/portal\/index.php\/wp-json\/wp\/v2\/categories?post=8173"},{"taxonomy":"post_tag","embeddable":true,"href":"http:\/\/www.aemc.pt\/portal\/index.php\/wp-json\/wp\/v2\/tags?post=8173"}],"curies":[{"name":"wp","href":"https:\/\/api.w.org\/{rel}","templated":true}]}}