{"id":8729,"date":"2026-01-29T00:25:26","date_gmt":"2026-01-28T23:25:26","guid":{"rendered":"https:\/\/www.aemc.pt\/portal\/?p=8729"},"modified":"2026-01-29T00:25:28","modified_gmt":"2026-01-28T23:25:28","slug":"informacao","status":"publish","type":"post","link":"http:\/\/www.aemc.pt\/portal\/index.php\/2026\/01\/29\/informacao\/","title":{"rendered":"Informa\u00e7\u00e3o"},"content":{"rendered":"\n<blockquote class=\"wp-block-quote is-layout-flow wp-block-quote-is-layout-flow\">\n<p>Informa\u00e7\u00e3o &#8211; elei\u00e7\u00e3o Presidente do Conselho Geral.<\/p>\n<\/blockquote>\n\n\n\n<p><\/p>\n\n\n\n<br><br>\n\n\n\n<figure class=\"wp-block-image size-large\"><img loading=\"lazy\" decoding=\"async\" width=\"726\" height=\"1024\" src=\"https:\/\/www.aemc.pt\/portal\/wp-content\/uploads\/2026\/01\/DOC005-726x1024.jpg\" alt=\"\" class=\"wp-image-8730\" srcset=\"http:\/\/www.aemc.pt\/portal\/wp-content\/uploads\/2026\/01\/DOC005-726x1024.jpg 726w, http:\/\/www.aemc.pt\/portal\/wp-content\/uploads\/2026\/01\/DOC005-213x300.jpg 213w, http:\/\/www.aemc.pt\/portal\/wp-content\/uploads\/2026\/01\/DOC005-768x1084.jpg 768w, http:\/\/www.aemc.pt\/portal\/wp-content\/uploads\/2026\/01\/DOC005-1088x1536.jpg 1088w, http:\/\/www.aemc.pt\/portal\/wp-content\/uploads\/2026\/01\/DOC005-1451x2048.jpg 1451w, http:\/\/www.aemc.pt\/portal\/wp-content\/uploads\/2026\/01\/DOC005-scaled.jpg 1814w\" sizes=\"auto, (max-width: 726px) 100vw, 726px\" \/><\/figure>\n\n\n\n<br><br>\n","protected":false},"excerpt":{"rendered":"<p>Informa\u00e7\u00e3o &#8211; elei\u00e7\u00e3o Presidente do Conselho Geral.<\/p>\n","protected":false},"author":1,"featured_media":7125,"comment_status":"closed","ping_status":"open","sticky":false,"template":"","format":"standard","meta":{"colormag_page_container_layout":"default_layout","colormag_page_sidebar_layout":"default_layout","ngg_post_thumbnail":0,"iawp_total_views":73,"footnotes":"","_links_to":"","_links_to_target":""},"categories":[71,4,5],"tags":[],"class_list":["post-8729","post","type-post","status-publish","format-standard","has-post-thumbnail","hentry","category-aviso","category-educacao","category-gestao"],"_links":{"self":[{"href":"http:\/\/www.aemc.pt\/portal\/index.php\/wp-json\/wp\/v2\/posts\/8729","targetHints":{"allow":["GET"]}}],"collection":[{"href":"http:\/\/www.aemc.pt\/portal\/index.php\/wp-json\/wp\/v2\/posts"}],"about":[{"href":"http:\/\/www.aemc.pt\/portal\/index.php\/wp-json\/wp\/v2\/types\/post"}],"author":[{"embeddable":true,"href":"http:\/\/www.aemc.pt\/portal\/index.php\/wp-json\/wp\/v2\/users\/1"}],"replies":[{"embeddable":true,"href":"http:\/\/www.aemc.pt\/portal\/index.php\/wp-json\/wp\/v2\/comments?post=8729"}],"version-history":[{"count":1,"href":"http:\/\/www.aemc.pt\/portal\/index.php\/wp-json\/wp\/v2\/posts\/8729\/revisions"}],"predecessor-version":[{"id":8731,"href":"http:\/\/www.aemc.pt\/portal\/index.php\/wp-json\/wp\/v2\/posts\/8729\/revisions\/8731"}],"wp:featuredmedia":[{"embeddable":true,"href":"http:\/\/www.aemc.pt\/portal\/index.php\/wp-json\/wp\/v2\/media\/7125"}],"wp:attachment":[{"href":"http:\/\/www.aemc.pt\/portal\/index.php\/wp-json\/wp\/v2\/media?parent=8729"}],"wp:term":[{"taxonomy":"category","embeddable":true,"href":"http:\/\/www.aemc.pt\/portal\/index.php\/wp-json\/wp\/v2\/categories?post=8729"},{"taxonomy":"post_tag","embeddable":true,"href":"http:\/\/www.aemc.pt\/portal\/index.php\/wp-json\/wp\/v2\/tags?post=8729"}],"curies":[{"name":"wp","href":"https:\/\/api.w.org\/{rel}","templated":true}]}}