{"id":8760,"date":"2026-01-28T20:54:00","date_gmt":"2026-01-28T19:54:00","guid":{"rendered":"https:\/\/www.aemc.pt\/portal\/?p=8760"},"modified":"2026-01-31T01:01:11","modified_gmt":"2026-01-31T00:01:11","slug":"cantar-das-janeiras-amj","status":"publish","type":"post","link":"http:\/\/www.aemc.pt\/portal\/index.php\/2026\/01\/28\/cantar-das-janeiras-amj\/","title":{"rendered":"Cantar das Janeiras AMJ"},"content":{"rendered":"\n<blockquote class=\"wp-block-quote is-layout-flow wp-block-quote-is-layout-flow\">\n<p>Cantar das Janeiras &#8211; Assembleia Municipal Jovem de Macedo de Cavaleiros.<\/p>\n<\/blockquote>\n\n\n\n<p>No \u00e2mbito da Assembleia Municipal Jovem de Macedo de Cavaleiros (AMJ), decorreu no passado dia 22 de janeiro a sess\u00e3o de Boas-Vindas aos novos Deputados Municipais para o ano de 2026, com a visita aos Pa\u00e7os do Concelho e o tradicional \u201cCantar das Janeiras\u201d. <br>A atividade foi promovida pela Presidente da Assembleia Municipal e C\u00e2mara Municipal de Macedo de Cavaleiros, e contou com a excelente presta\u00e7\u00e3o da Cool Orquestra e a sempre prestimosa colabora\u00e7\u00e3o dos professores Lu\u00eds Neves e Nat\u00e1lia Louren\u00e7o. <br>Estiveram envolvidos cerca de 35 alunos, acompanhados pelo Professor Joaquim Queir\u00f3s, coordenador da AMJ no AEMC.<\/p>\n\n\n\n<figure class=\"wp-block-image size-full\"><img loading=\"lazy\" decoding=\"async\" width=\"1200\" height=\"1600\" src=\"https:\/\/www.aemc.pt\/portal\/wp-content\/uploads\/2026\/01\/Cantar-as-Janeiras-2.jpg\" alt=\"\" class=\"wp-image-8761\" srcset=\"http:\/\/www.aemc.pt\/portal\/wp-content\/uploads\/2026\/01\/Cantar-as-Janeiras-2.jpg 1200w, http:\/\/www.aemc.pt\/portal\/wp-content\/uploads\/2026\/01\/Cantar-as-Janeiras-2-225x300.jpg 225w, http:\/\/www.aemc.pt\/portal\/wp-content\/uploads\/2026\/01\/Cantar-as-Janeiras-2-768x1024.jpg 768w, http:\/\/www.aemc.pt\/portal\/wp-content\/uploads\/2026\/01\/Cantar-as-Janeiras-2-1152x1536.jpg 1152w\" sizes=\"auto, (max-width: 1200px) 100vw, 1200px\" \/><\/figure>\n","protected":false},"excerpt":{"rendered":"<p>Cantar das Janeiras &#8211; Assembleia Municipal Jovem de Macedo de Cavaleiros. No \u00e2mbito da Assembleia Municipal Jovem de Macedo de<\/p>\n","protected":false},"author":1,"featured_media":8762,"comment_status":"closed","ping_status":"open","sticky":false,"template":"","format":"standard","meta":{"colormag_page_container_layout":"default_layout","colormag_page_sidebar_layout":"default_layout","ngg_post_thumbnail":0,"iawp_total_views":18,"footnotes":"","_links_to":"","_links_to_target":""},"categories":[4],"tags":[],"class_list":["post-8760","post","type-post","status-publish","format-standard","has-post-thumbnail","hentry","category-educacao"],"_links":{"self":[{"href":"http:\/\/www.aemc.pt\/portal\/index.php\/wp-json\/wp\/v2\/posts\/8760","targetHints":{"allow":["GET"]}}],"collection":[{"href":"http:\/\/www.aemc.pt\/portal\/index.php\/wp-json\/wp\/v2\/posts"}],"about":[{"href":"http:\/\/www.aemc.pt\/portal\/index.php\/wp-json\/wp\/v2\/types\/post"}],"author":[{"embeddable":true,"href":"http:\/\/www.aemc.pt\/portal\/index.php\/wp-json\/wp\/v2\/users\/1"}],"replies":[{"embeddable":true,"href":"http:\/\/www.aemc.pt\/portal\/index.php\/wp-json\/wp\/v2\/comments?post=8760"}],"version-history":[{"count":2,"href":"http:\/\/www.aemc.pt\/portal\/index.php\/wp-json\/wp\/v2\/posts\/8760\/revisions"}],"predecessor-version":[{"id":8765,"href":"http:\/\/www.aemc.pt\/portal\/index.php\/wp-json\/wp\/v2\/posts\/8760\/revisions\/8765"}],"wp:featuredmedia":[{"embeddable":true,"href":"http:\/\/www.aemc.pt\/portal\/index.php\/wp-json\/wp\/v2\/media\/8762"}],"wp:attachment":[{"href":"http:\/\/www.aemc.pt\/portal\/index.php\/wp-json\/wp\/v2\/media?parent=8760"}],"wp:term":[{"taxonomy":"category","embeddable":true,"href":"http:\/\/www.aemc.pt\/portal\/index.php\/wp-json\/wp\/v2\/categories?post=8760"},{"taxonomy":"post_tag","embeddable":true,"href":"http:\/\/www.aemc.pt\/portal\/index.php\/wp-json\/wp\/v2\/tags?post=8760"}],"curies":[{"name":"wp","href":"https:\/\/api.w.org\/{rel}","templated":true}]}}