{"id":9035,"date":"2025-10-17T09:50:22","date_gmt":"2025-10-17T08:50:22","guid":{"rendered":"https:\/\/www.aemc.pt\/portal\/?p=9035"},"modified":"2026-05-01T10:06:44","modified_gmt":"2026-05-01T09:06:44","slug":"carta-de-missao","status":"publish","type":"post","link":"http:\/\/www.aemc.pt\/portal\/index.php\/2025\/10\/17\/carta-de-missao\/","title":{"rendered":"Carta de Miss\u00e3o"},"content":{"rendered":"\n<blockquote class=\"wp-block-quote is-layout-flow wp-block-quote-is-layout-flow\">\n<p>Carta de Miss\u00e3o &#8211; Diretor do Agrupamento de Escolas de Macedo de Cavaleiros (2025-2029).<\/p>\n<\/blockquote>\n\n\n\n<p>Nos termos do disposto no Decreto-Lei 75\/2008, de 22 de abril republicado pelo Decreto-Lei n. 0137\/2012, de 2 de julho, e em conformidade com o Anexo Ida Portaria n.0 266\/2012, de 30 de agosto, \u00e9 apresentada a presente Carta de Miss\u00e3o do Diretor do Agrupamento de Escolas de Macedo de Cavaleiros (AEMC), para o quadri\u00e9nio 2025-2029, estabelecendo-se objetivos, prioridades, compromissos e crit\u00e9rios de avalia\u00e7\u00e3o, em alinhamento com o Projeto de Interven\u00e7\u00e3o apresentado ao Conselho Geral.<\/p>\n\n\n\n<p>&nbsp;<\/p>\n<p><i class=\"far fa-file-pdf\"><\/i><a href=\"http:\/\/www.aemc.pt\/portal\/wp-content\/uploads\/2026\/05\/Carta-de-missao.pdf\" target=\"_blank\" rel=\"noopener noreferrer\"> Carta de Miss\u00e3o<\/a><\/p>\n<p>&nbsp;<\/p>\n","protected":false},"excerpt":{"rendered":"<p>Carta de Miss\u00e3o &#8211; Diretor do Agrupamento de Escolas de Macedo de Cavaleiros (2025-2029). Nos termos do disposto no Decreto-Lei<\/p>\n","protected":false},"author":1,"featured_media":7125,"comment_status":"closed","ping_status":"open","sticky":false,"template":"","format":"standard","meta":{"colormag_page_container_layout":"no_sidebar_full_width","colormag_page_sidebar_layout":"no_sidebar","ngg_post_thumbnail":0,"iawp_total_views":1,"footnotes":"","_links_to":"","_links_to_target":""},"categories":[4,5,72],"tags":[],"class_list":["post-9035","post","type-post","status-publish","format-standard","has-post-thumbnail","hentry","category-educacao","category-gestao","category-informacao"],"_links":{"self":[{"href":"http:\/\/www.aemc.pt\/portal\/index.php\/wp-json\/wp\/v2\/posts\/9035","targetHints":{"allow":["GET"]}}],"collection":[{"href":"http:\/\/www.aemc.pt\/portal\/index.php\/wp-json\/wp\/v2\/posts"}],"about":[{"href":"http:\/\/www.aemc.pt\/portal\/index.php\/wp-json\/wp\/v2\/types\/post"}],"author":[{"embeddable":true,"href":"http:\/\/www.aemc.pt\/portal\/index.php\/wp-json\/wp\/v2\/users\/1"}],"replies":[{"embeddable":true,"href":"http:\/\/www.aemc.pt\/portal\/index.php\/wp-json\/wp\/v2\/comments?post=9035"}],"version-history":[{"count":1,"href":"http:\/\/www.aemc.pt\/portal\/index.php\/wp-json\/wp\/v2\/posts\/9035\/revisions"}],"predecessor-version":[{"id":9036,"href":"http:\/\/www.aemc.pt\/portal\/index.php\/wp-json\/wp\/v2\/posts\/9035\/revisions\/9036"}],"wp:featuredmedia":[{"embeddable":true,"href":"http:\/\/www.aemc.pt\/portal\/index.php\/wp-json\/wp\/v2\/media\/7125"}],"wp:attachment":[{"href":"http:\/\/www.aemc.pt\/portal\/index.php\/wp-json\/wp\/v2\/media?parent=9035"}],"wp:term":[{"taxonomy":"category","embeddable":true,"href":"http:\/\/www.aemc.pt\/portal\/index.php\/wp-json\/wp\/v2\/categories?post=9035"},{"taxonomy":"post_tag","embeddable":true,"href":"http:\/\/www.aemc.pt\/portal\/index.php\/wp-json\/wp\/v2\/tags?post=9035"}],"curies":[{"name":"wp","href":"https:\/\/api.w.org\/{rel}","templated":true}]}}