{"id":5125,"date":"2024-07-01T14:56:05","date_gmt":"2024-07-01T14:56:05","guid":{"rendered":"https:\/\/www.aemc.pt\/biblioteca\/?p=5125"},"modified":"2024-07-01T14:56:06","modified_gmt":"2024-07-01T14:56:06","slug":"melhores-leitores-da-biblioteca-escolar-1-o-ciclo","status":"publish","type":"post","link":"https:\/\/www.aemc.pt\/biblioteca\/2024\/07\/01\/melhores-leitores-da-biblioteca-escolar-1-o-ciclo\/","title":{"rendered":"Melhores Leitores da Biblioteca Escolar \u2013 1.\u00ba Ciclo."},"content":{"rendered":"\n<p>Melhores Leitores da Biblioteca Escolar da Escola B\u00e1sica e Secund\u00e1ria de Macedo de Cavaleiros e do 1.\u00ba e 2.\u00ba anos da Biblioteca Escolar da Escola B\u00e1sica de Macedo de Cavaleiros.<\/p>\n\n\n\n<p>No final do ano letivo, a biblioteca escolar do Agrupamento de Escolas de Macedo de Cavaleiros, apurou o melhor leitor do 1.\u00ba Ciclo da Escola B\u00e1sica e Secund\u00e1ria de Macedo de Cavaleiros e atribuiu o diploma de Melhor Leitor do Ano da Biblioteca e um pr\u00e9mio simb\u00f3lico.<\/p>\n\n\n\n<p>A vencedora foi: <\/p>\n\n\n\n<ul class=\"wp-block-list\">\n<li>Leonor Machado, 4.\u00baB.<\/li>\n<\/ul>\n\n\n\n<p>De igual modo, a biblioteca escolar apurou e atribui o diploma de Melhor Leitor do Ano da Biblioteca e um pr\u00e9mio simb\u00f3lico aos melhores leitores do 1.\u00ba e 2.\u00ba anos do 1.\u00ba Ciclo da Escola B\u00e1sica de Macedo de Cavaleiros.<\/p>\n\n\n\n<p>Os vencedores foram:<\/p>\n\n\n\n<ul class=\"wp-block-list\">\n<li>Sara Santos, 1.\u00ba ano.<\/li>\n\n\n\n<li>Diana Dias, 2.\u00ba ano.<\/li>\n<\/ul>\n\n\n\n<figure class=\"wp-block-gallery has-nested-images columns-default is-cropped wp-block-gallery-1 is-layout-flex wp-block-gallery-is-layout-flex\">\n<figure class=\"wp-block-image size-large\"><img fetchpriority=\"high\" decoding=\"async\" width=\"768\" height=\"1024\" data-id=\"5127\" src=\"https:\/\/www.aemc.pt\/biblioteca\/wp-content\/uploads\/2024\/07\/Melhor-Leitor-1.o-Ano-768x1024.jpg\" alt=\"\" class=\"wp-image-5127\" srcset=\"https:\/\/www.aemc.pt\/biblioteca\/wp-content\/uploads\/2024\/07\/Melhor-Leitor-1.o-Ano-768x1023.jpg 768w, https:\/\/www.aemc.pt\/biblioteca\/wp-content\/uploads\/2024\/07\/Melhor-Leitor-1.o-Ano-225x300.jpg 225w, https:\/\/www.aemc.pt\/biblioteca\/wp-content\/uploads\/2024\/07\/Melhor-Leitor-1.o-Ano.jpg 968w\" sizes=\"(max-width: 768px) 100vw, 768px\" \/><figcaption class=\"wp-element-caption\">Melhor Leitor &#8211; 1.\u00ba Ano<\/figcaption><\/figure>\n\n\n\n<figure class=\"wp-block-image size-large\"><img decoding=\"async\" width=\"730\" height=\"1024\" data-id=\"5126\" src=\"https:\/\/www.aemc.pt\/biblioteca\/wp-content\/uploads\/2024\/07\/Melhor-leitor-2.o-ano-730x1024.jpg\" alt=\"Melhor leitor 2.\u00ba Ano\" class=\"wp-image-5126\" srcset=\"https:\/\/www.aemc.pt\/biblioteca\/wp-content\/uploads\/2024\/07\/Melhor-leitor-2.o-ano-730x1024.jpg 730w, https:\/\/www.aemc.pt\/biblioteca\/wp-content\/uploads\/2024\/07\/Melhor-leitor-2.o-ano-214x300.jpg 214w, https:\/\/www.aemc.pt\/biblioteca\/wp-content\/uploads\/2024\/07\/Melhor-leitor-2.o-ano-768x1077.jpg 768w, https:\/\/www.aemc.pt\/biblioteca\/wp-content\/uploads\/2024\/07\/Melhor-leitor-2.o-ano.jpg 920w\" sizes=\"(max-width: 730px) 100vw, 730px\" \/><figcaption class=\"wp-element-caption\">Melhor leitor &#8211; 2.\u00ba Ano<\/figcaption><\/figure>\n<\/figure>\n\n\n\n<p>Parab\u00e9ns aos nossos leitores!<\/p>\n","protected":false},"excerpt":{"rendered":"<p>Melhores Leitores da Biblioteca Escolar da Escola B\u00e1sica e Secund\u00e1ria de Macedo de Cavaleiros e do 1.\u00ba e 2.\u00ba anos da Biblioteca Escolar da Escola B\u00e1sica de Macedo de Cavaleiros. No final do ano letivo, a biblioteca escolar do Agrupamento de Escolas de Macedo de Cavaleiros, apurou o melhor leitor do 1.\u00ba Ciclo da Escola [&hellip;]<\/p>\n","protected":false},"author":5,"featured_media":5128,"comment_status":"closed","ping_status":"closed","sticky":false,"template":"","format":"standard","meta":{"_themeisle_gutenberg_block_has_review":false,"footnotes":""},"categories":[89],"tags":[77,90,116],"class_list":["post-5125","post","type-post","status-publish","format-standard","has-post-thumbnail","hentry","category-leitura","tag-divulgacao","tag-leitura","tag-melhor-leitor"],"blocksy_meta":[],"_links":{"self":[{"href":"https:\/\/www.aemc.pt\/biblioteca\/wp-json\/wp\/v2\/posts\/5125","targetHints":{"allow":["GET"]}}],"collection":[{"href":"https:\/\/www.aemc.pt\/biblioteca\/wp-json\/wp\/v2\/posts"}],"about":[{"href":"https:\/\/www.aemc.pt\/biblioteca\/wp-json\/wp\/v2\/types\/post"}],"author":[{"embeddable":true,"href":"https:\/\/www.aemc.pt\/biblioteca\/wp-json\/wp\/v2\/users\/5"}],"replies":[{"embeddable":true,"href":"https:\/\/www.aemc.pt\/biblioteca\/wp-json\/wp\/v2\/comments?post=5125"}],"version-history":[{"count":1,"href":"https:\/\/www.aemc.pt\/biblioteca\/wp-json\/wp\/v2\/posts\/5125\/revisions"}],"predecessor-version":[{"id":5129,"href":"https:\/\/www.aemc.pt\/biblioteca\/wp-json\/wp\/v2\/posts\/5125\/revisions\/5129"}],"wp:featuredmedia":[{"embeddable":true,"href":"https:\/\/www.aemc.pt\/biblioteca\/wp-json\/wp\/v2\/media\/5128"}],"wp:attachment":[{"href":"https:\/\/www.aemc.pt\/biblioteca\/wp-json\/wp\/v2\/media?parent=5125"}],"wp:term":[{"taxonomy":"category","embeddable":true,"href":"https:\/\/www.aemc.pt\/biblioteca\/wp-json\/wp\/v2\/categories?post=5125"},{"taxonomy":"post_tag","embeddable":true,"href":"https:\/\/www.aemc.pt\/biblioteca\/wp-json\/wp\/v2\/tags?post=5125"}],"curies":[{"name":"wp","href":"https:\/\/api.w.org\/{rel}","templated":true}]}}