{"id":5591,"date":"2025-04-09T16:58:08","date_gmt":"2025-04-09T16:58:08","guid":{"rendered":"https:\/\/www.aemc.pt\/biblioteca\/?p=5591"},"modified":"2025-06-25T17:37:45","modified_gmt":"2025-06-25T17:37:45","slug":"a-matematica-na-profissao-dos-encarregados-de-educacao-3","status":"publish","type":"post","link":"https:\/\/www.aemc.pt\/biblioteca\/2025\/04\/09\/a-matematica-na-profissao-dos-encarregados-de-educacao-3\/","title":{"rendered":"A Matem\u00e1tica na profiss\u00e3o dos Encarregados de Educa\u00e7\u00e3o"},"content":{"rendered":"\n<p>Realizou-se, na biblioteca da Escola B\u00e1sica e Secund\u00e1ria de Macedo de Cavaleiros, uma palestra intitulada &#8220;A Matem\u00e1tica na profiss\u00e3o dos Encarregados de Educa\u00e7\u00e3o&#8221;, dinamizada pela \u00e1rea disciplinar de Matem\u00e1tica em colabora\u00e7\u00e3o com a Biblioteca Escolar.&nbsp;<\/p>\n\n\n\n<p>A atividade contou com a participa\u00e7\u00e3o dos alunos do 7.\u00ba ano e CEF.&nbsp;<\/p>\n\n\n\n<p>\u00c9 de salientar e valorizar o conhecimento e a experi\u00eancia profissional, dos oradores, destacando-se as v\u00e1rias intera\u00e7\u00f5es destinadas ao p\u00fablico alvo.<\/p>\n\n\n\n<p>A \u00e1rea disciplinar de Matem\u00e1tica procurar\u00e1 continuar a divulgar a Matem\u00e1tica na comunidade, criando gosto e despertando interesse pelo conhecimento matem\u00e1tico.<\/p>\n\n\n\n<figure class=\"wp-block-image alignwide size-full\"><img fetchpriority=\"high\" decoding=\"async\" width=\"509\" height=\"720\" src=\"https:\/\/www.aemc.pt\/biblioteca\/wp-content\/uploads\/2025\/04\/Mat-1.jpg\" alt=\"\" class=\"wp-image-5701\" srcset=\"https:\/\/www.aemc.pt\/biblioteca\/wp-content\/uploads\/2025\/04\/Mat-1.jpg 509w, https:\/\/www.aemc.pt\/biblioteca\/wp-content\/uploads\/2025\/04\/Mat-1-212x300.jpg 212w\" sizes=\"(max-width: 509px) 100vw, 509px\" \/><figcaption class=\"wp-element-caption\">A Matem\u00e1tica na profiss\u00e3o dos Encarregados de Educa\u00e7\u00e3o &#8211; 2025 &#8211; 2<\/figcaption><\/figure>\n\n\n\n<p><\/p>\n","protected":false},"excerpt":{"rendered":"<p>Realizou-se, na biblioteca da Escola B\u00e1sica e Secund\u00e1ria de Macedo de Cavaleiros, uma palestra intitulada &#8220;A Matem\u00e1tica na profiss\u00e3o dos Encarregados de Educa\u00e7\u00e3o&#8221;, dinamizada pela \u00e1rea disciplinar de Matem\u00e1tica em colabora\u00e7\u00e3o com a Biblioteca Escolar.&nbsp; A atividade contou com a participa\u00e7\u00e3o dos alunos do 7.\u00ba ano e CEF.&nbsp; \u00c9 de salientar e valorizar o conhecimento [&hellip;]<\/p>\n","protected":false},"author":5,"featured_media":5700,"comment_status":"open","ping_status":"open","sticky":false,"template":"","format":"standard","meta":{"_themeisle_gutenberg_block_has_review":false,"footnotes":""},"categories":[1],"tags":[],"class_list":["post-5591","post","type-post","status-publish","format-standard","has-post-thumbnail","hentry","category-sem-categoria"],"blocksy_meta":[],"_links":{"self":[{"href":"https:\/\/www.aemc.pt\/biblioteca\/wp-json\/wp\/v2\/posts\/5591","targetHints":{"allow":["GET"]}}],"collection":[{"href":"https:\/\/www.aemc.pt\/biblioteca\/wp-json\/wp\/v2\/posts"}],"about":[{"href":"https:\/\/www.aemc.pt\/biblioteca\/wp-json\/wp\/v2\/types\/post"}],"author":[{"embeddable":true,"href":"https:\/\/www.aemc.pt\/biblioteca\/wp-json\/wp\/v2\/users\/5"}],"replies":[{"embeddable":true,"href":"https:\/\/www.aemc.pt\/biblioteca\/wp-json\/wp\/v2\/comments?post=5591"}],"version-history":[{"count":3,"href":"https:\/\/www.aemc.pt\/biblioteca\/wp-json\/wp\/v2\/posts\/5591\/revisions"}],"predecessor-version":[{"id":5702,"href":"https:\/\/www.aemc.pt\/biblioteca\/wp-json\/wp\/v2\/posts\/5591\/revisions\/5702"}],"wp:featuredmedia":[{"embeddable":true,"href":"https:\/\/www.aemc.pt\/biblioteca\/wp-json\/wp\/v2\/media\/5700"}],"wp:attachment":[{"href":"https:\/\/www.aemc.pt\/biblioteca\/wp-json\/wp\/v2\/media?parent=5591"}],"wp:term":[{"taxonomy":"category","embeddable":true,"href":"https:\/\/www.aemc.pt\/biblioteca\/wp-json\/wp\/v2\/categories?post=5591"},{"taxonomy":"post_tag","embeddable":true,"href":"https:\/\/www.aemc.pt\/biblioteca\/wp-json\/wp\/v2\/tags?post=5591"}],"curies":[{"name":"wp","href":"https:\/\/api.w.org\/{rel}","templated":true}]}}