{"id":5669,"date":"2025-06-02T14:16:14","date_gmt":"2025-06-02T14:16:14","guid":{"rendered":"https:\/\/www.aemc.pt\/biblioteca\/?p=5669"},"modified":"2025-06-02T14:16:19","modified_gmt":"2025-06-02T14:16:19","slug":"exposicao-a-viagem-de-os-lusiadas","status":"publish","type":"post","link":"https:\/\/www.aemc.pt\/biblioteca\/2025\/06\/02\/exposicao-a-viagem-de-os-lusiadas\/","title":{"rendered":"Exposi\u00e7\u00e3o\u00a0 A viagem de &#8220;Os Lus\u00edadas&#8221;"},"content":{"rendered":"\n<p>Trabalhos realizados pelos alunos das turmas PIEF (9.\u00ba ano), em articula\u00e7\u00e3o entre Viver em Portugu\u00eas, Homem Ambiente Hist\u00f3ria e Ensino Especial.<\/p>\n\n\n\n<figure class=\"wp-block-image alignwide size-large\"><img fetchpriority=\"high\" decoding=\"async\" width=\"683\" height=\"1024\" src=\"https:\/\/www.aemc.pt\/biblioteca\/wp-content\/uploads\/2025\/06\/IMG_20250530_132159-683x1024.jpg\" alt=\"\" class=\"wp-image-5670\" srcset=\"https:\/\/www.aemc.pt\/biblioteca\/wp-content\/uploads\/2025\/06\/IMG_20250530_132159-683x1024.jpg 683w, https:\/\/www.aemc.pt\/biblioteca\/wp-content\/uploads\/2025\/06\/IMG_20250530_132159-200x300.jpg 200w, https:\/\/www.aemc.pt\/biblioteca\/wp-content\/uploads\/2025\/06\/IMG_20250530_132159-768x1151.jpg 768w, https:\/\/www.aemc.pt\/biblioteca\/wp-content\/uploads\/2025\/06\/IMG_20250530_132159.jpg 854w\" sizes=\"(max-width: 683px) 100vw, 683px\" \/><\/figure>\n\n\n\n<p><\/p>\n","protected":false},"excerpt":{"rendered":"<p>Trabalhos realizados pelos alunos das turmas PIEF (9.\u00ba ano), em articula\u00e7\u00e3o entre Viver em Portugu\u00eas, Homem Ambiente Hist\u00f3ria e Ensino Especial.<\/p>\n","protected":false},"author":5,"featured_media":5672,"comment_status":"open","ping_status":"open","sticky":false,"template":"","format":"standard","meta":{"_themeisle_gutenberg_block_has_review":false,"footnotes":""},"categories":[31,30],"tags":[77,93],"class_list":["post-5669","post","type-post","status-publish","format-standard","has-post-thumbnail","hentry","category-divulgacao","category-exposicoes","tag-divulgacao","tag-exposicao"],"blocksy_meta":[],"_links":{"self":[{"href":"https:\/\/www.aemc.pt\/biblioteca\/wp-json\/wp\/v2\/posts\/5669","targetHints":{"allow":["GET"]}}],"collection":[{"href":"https:\/\/www.aemc.pt\/biblioteca\/wp-json\/wp\/v2\/posts"}],"about":[{"href":"https:\/\/www.aemc.pt\/biblioteca\/wp-json\/wp\/v2\/types\/post"}],"author":[{"embeddable":true,"href":"https:\/\/www.aemc.pt\/biblioteca\/wp-json\/wp\/v2\/users\/5"}],"replies":[{"embeddable":true,"href":"https:\/\/www.aemc.pt\/biblioteca\/wp-json\/wp\/v2\/comments?post=5669"}],"version-history":[{"count":1,"href":"https:\/\/www.aemc.pt\/biblioteca\/wp-json\/wp\/v2\/posts\/5669\/revisions"}],"predecessor-version":[{"id":5671,"href":"https:\/\/www.aemc.pt\/biblioteca\/wp-json\/wp\/v2\/posts\/5669\/revisions\/5671"}],"wp:featuredmedia":[{"embeddable":true,"href":"https:\/\/www.aemc.pt\/biblioteca\/wp-json\/wp\/v2\/media\/5672"}],"wp:attachment":[{"href":"https:\/\/www.aemc.pt\/biblioteca\/wp-json\/wp\/v2\/media?parent=5669"}],"wp:term":[{"taxonomy":"category","embeddable":true,"href":"https:\/\/www.aemc.pt\/biblioteca\/wp-json\/wp\/v2\/categories?post=5669"},{"taxonomy":"post_tag","embeddable":true,"href":"https:\/\/www.aemc.pt\/biblioteca\/wp-json\/wp\/v2\/tags?post=5669"}],"curies":[{"name":"wp","href":"https:\/\/api.w.org\/{rel}","templated":true}]}}