{"id":5736,"date":"2025-06-27T18:50:08","date_gmt":"2025-06-27T18:50:08","guid":{"rendered":"https:\/\/www.aemc.pt\/biblioteca\/?p=5736"},"modified":"2025-06-27T18:54:27","modified_gmt":"2025-06-27T18:54:27","slug":"leituras-em-familia-no-agrupamento-de-escolas-de-macedo-de-cavaleiros","status":"publish","type":"post","link":"https:\/\/www.aemc.pt\/biblioteca\/2025\/06\/27\/leituras-em-familia-no-agrupamento-de-escolas-de-macedo-de-cavaleiros\/","title":{"rendered":"Leituras em fam\u00edlia no Agrupamento de Escolas de Macedo de Cavaleiros"},"content":{"rendered":"\n<p>Da atividade \u201cLeituras em Fam\u00edlia\u201d, que decorreu em v\u00e1rias escolas do Agrupamento, resultaram exposi\u00e7\u00f5es de postais verdadeiramente magn\u00edficos, com mensagens e\/ou ilustra\u00e7\u00f5es, elaborados pelas fam\u00edlias. Estes postais permitiram a constru\u00e7\u00e3o de murais na Escola B\u00e1sica de Chacim e nas bibliotecas escolares das Escolas EB de Morais, EB de Macedo de Cavaleiros (Polo 1) e EBS de Macedo de Cavaleiros (Polo 2), que proporcionam a todos a oportunidade de os apreciar.<\/p>\n\n\n\n<p>Um <strong>agradecimento a todas as fam\u00edlias <\/strong>que participaram com a elabora\u00e7\u00e3o de um postal ilustrado.<\/p>\n\n\n\n<p>Aqui partilhamos uma galeria com alguns desses postais.<\/p>\n\n\n\n<hr class=\"wp-block-separator has-alpha-channel-opacity\"\/>\n\n\n\n<p class=\"has-text-align-center\"><strong>Escola B\u00e1sica de Chacim<\/strong><\/p>\n\n\n\n<p class=\"has-text-align-center\">&#8211; Jardim de Inf\u00e2ncia &#8211;<\/p>\n\n\n\n<figure class=\"wp-block-image size-large\"><img fetchpriority=\"high\" decoding=\"async\" width=\"938\" height=\"1024\" src=\"https:\/\/www.aemc.pt\/biblioteca\/wp-content\/uploads\/2025\/06\/Leituras-em-familia-JI-de-Chacim-938x1024.jpg\" alt=\"\" class=\"wp-image-5740\" srcset=\"https:\/\/www.aemc.pt\/biblioteca\/wp-content\/uploads\/2025\/06\/Leituras-em-familia-JI-de-Chacim-938x1024.jpg 938w, https:\/\/www.aemc.pt\/biblioteca\/wp-content\/uploads\/2025\/06\/Leituras-em-familia-JI-de-Chacim-275x300.jpg 275w, https:\/\/www.aemc.pt\/biblioteca\/wp-content\/uploads\/2025\/06\/Leituras-em-familia-JI-de-Chacim-768x838.jpg 768w, https:\/\/www.aemc.pt\/biblioteca\/wp-content\/uploads\/2025\/06\/Leituras-em-familia-JI-de-Chacim-1408x1536.jpg 1408w, https:\/\/www.aemc.pt\/biblioteca\/wp-content\/uploads\/2025\/06\/Leituras-em-familia-JI-de-Chacim-1877x2048.jpg 1877w, https:\/\/www.aemc.pt\/biblioteca\/wp-content\/uploads\/2025\/06\/Leituras-em-familia-JI-de-Chacim.jpg 1920w\" sizes=\"(max-width: 938px) 100vw, 938px\" \/><\/figure>\n\n\n\n<p class=\"has-text-align-center\">1.\u00ba Ciclo<\/p>\n\n\n\n<figure class=\"wp-block-image size-large\"><img decoding=\"async\" width=\"1024\" height=\"940\" src=\"https:\/\/www.aemc.pt\/biblioteca\/wp-content\/uploads\/2025\/06\/Leituras-em-Familia-1C-de-Chacim-1024x940.jpg\" alt=\"\" class=\"wp-image-5742\" srcset=\"https:\/\/www.aemc.pt\/biblioteca\/wp-content\/uploads\/2025\/06\/Leituras-em-Familia-1C-de-Chacim-1024x940.jpg 1024w, https:\/\/www.aemc.pt\/biblioteca\/wp-content\/uploads\/2025\/06\/Leituras-em-Familia-1C-de-Chacim-300x275.jpg 300w, https:\/\/www.aemc.pt\/biblioteca\/wp-content\/uploads\/2025\/06\/Leituras-em-Familia-1C-de-Chacim-768x705.jpg 768w, https:\/\/www.aemc.pt\/biblioteca\/wp-content\/uploads\/2025\/06\/Leituras-em-Familia-1C-de-Chacim-1536x1410.jpg 1536w, https:\/\/www.aemc.pt\/biblioteca\/wp-content\/uploads\/2025\/06\/Leituras-em-Familia-1C-de-Chacim-2048x1880.jpg 2048w\" sizes=\"(max-width: 1024px) 100vw, 1024px\" \/><\/figure>\n\n\n\n<hr class=\"wp-block-separator has-alpha-channel-opacity\"\/>\n\n\n\n<p class=\"has-text-align-center\"><strong>Escola B\u00e1sica de Morais <\/strong><\/p>\n\n\n\n<p class=\"has-text-align-center\">&#8211; Jardim de Inf\u00e2ncia &#8211;<\/p>\n\n\n\n<figure class=\"wp-block-image alignwide size-full\"><img decoding=\"async\" width=\"1018\" height=\"678\" src=\"https:\/\/www.aemc.pt\/biblioteca\/wp-content\/uploads\/2025\/06\/Morais-JI.jpg\" alt=\"\" class=\"wp-image-5738\" srcset=\"https:\/\/www.aemc.pt\/biblioteca\/wp-content\/uploads\/2025\/06\/Morais-JI.jpg 1018w, https:\/\/www.aemc.pt\/biblioteca\/wp-content\/uploads\/2025\/06\/Morais-JI-300x200.jpg 300w, https:\/\/www.aemc.pt\/biblioteca\/wp-content\/uploads\/2025\/06\/Morais-JI-768x511.jpg 768w\" sizes=\"(max-width: 1018px) 100vw, 1018px\" \/><\/figure>\n\n\n\n<p class=\"has-text-align-center\">&#8211; 1.\u00ba Ciclo &#8211;<\/p>\n\n\n\n<figure class=\"wp-block-image size-full\"><img loading=\"lazy\" decoding=\"async\" width=\"1011\" height=\"674\" src=\"https:\/\/www.aemc.pt\/biblioteca\/wp-content\/uploads\/2025\/06\/Morais-1.oC_.jpg\" alt=\"\" class=\"wp-image-5739\" srcset=\"https:\/\/www.aemc.pt\/biblioteca\/wp-content\/uploads\/2025\/06\/Morais-1.oC_.jpg 1011w, https:\/\/www.aemc.pt\/biblioteca\/wp-content\/uploads\/2025\/06\/Morais-1.oC_-300x200.jpg 300w, https:\/\/www.aemc.pt\/biblioteca\/wp-content\/uploads\/2025\/06\/Morais-1.oC_-768x512.jpg 768w\" sizes=\"(max-width: 1011px) 100vw, 1011px\" \/><\/figure>\n\n\n\n<hr class=\"wp-block-separator has-alpha-channel-opacity\"\/>\n\n\n\n<p class=\"has-text-align-center\"><strong>Biblioteca da Escola B\u00e1sica de Macedo de Cavaleiros (Polo 1)<\/strong><\/p>\n\n\n\n<figure class=\"wp-block-image alignwide size-full\"><img loading=\"lazy\" decoding=\"async\" width=\"1018\" height=\"678\" src=\"https:\/\/www.aemc.pt\/biblioteca\/wp-content\/uploads\/2025\/06\/01-Polo-2.jpg\" alt=\"\" class=\"wp-image-5737\" srcset=\"https:\/\/www.aemc.pt\/biblioteca\/wp-content\/uploads\/2025\/06\/01-Polo-2.jpg 1018w, https:\/\/www.aemc.pt\/biblioteca\/wp-content\/uploads\/2025\/06\/01-Polo-2-300x200.jpg 300w, https:\/\/www.aemc.pt\/biblioteca\/wp-content\/uploads\/2025\/06\/01-Polo-2-768x511.jpg 768w\" sizes=\"(max-width: 1018px) 100vw, 1018px\" \/><\/figure>\n\n\n\n<hr class=\"wp-block-separator has-alpha-channel-opacity\"\/>\n\n\n\n<p class=\"has-text-align-center\"><strong>Escola B\u00e1sica e Secund\u00e1ria de Macedo de Cavaleiros (Polo 2)<\/strong><\/p>\n\n\n\n<figure class=\"wp-block-gallery alignwide has-nested-images columns-default is-cropped wp-block-gallery-1 is-layout-flex wp-block-gallery-is-layout-flex\">\n<figure class=\"wp-block-image size-large\"><img loading=\"lazy\" decoding=\"async\" width=\"1018\" height=\"352\" data-id=\"5743\" src=\"https:\/\/www.aemc.pt\/biblioteca\/wp-content\/uploads\/2025\/06\/Leituras-em-Familia-Polo-2.jpg\" alt=\"\" class=\"wp-image-5743\" srcset=\"https:\/\/www.aemc.pt\/biblioteca\/wp-content\/uploads\/2025\/06\/Leituras-em-Familia-Polo-2.jpg 1018w, https:\/\/www.aemc.pt\/biblioteca\/wp-content\/uploads\/2025\/06\/Leituras-em-Familia-Polo-2-300x104.jpg 300w, https:\/\/www.aemc.pt\/biblioteca\/wp-content\/uploads\/2025\/06\/Leituras-em-Familia-Polo-2-768x266.jpg 768w\" sizes=\"(max-width: 1018px) 100vw, 1018px\" \/><\/figure>\n<\/figure>\n\n\n\n<p><\/p>\n","protected":false},"excerpt":{"rendered":"<p>Da atividade \u201cLeituras em Fam\u00edlia\u201d, que decorreu em v\u00e1rias escolas do Agrupamento, resultaram exposi\u00e7\u00f5es de postais verdadeiramente magn\u00edficos, com mensagens e\/ou ilustra\u00e7\u00f5es, elaborados pelas fam\u00edlias. Estes postais permitiram a constru\u00e7\u00e3o de murais na Escola B\u00e1sica de Chacim e nas bibliotecas escolares das Escolas EB de Morais, EB de Macedo de Cavaleiros (Polo 1) e EBS [&hellip;]<\/p>\n","protected":false},"author":5,"featured_media":5755,"comment_status":"open","ping_status":"open","sticky":false,"template":"","format":"standard","meta":{"_themeisle_gutenberg_block_has_review":false,"footnotes":""},"categories":[32],"tags":[76],"class_list":["post-5736","post","type-post","status-publish","format-standard","has-post-thumbnail","hentry","category-leituras-em-familia","tag-leituras-em-familia"],"blocksy_meta":[],"_links":{"self":[{"href":"https:\/\/www.aemc.pt\/biblioteca\/wp-json\/wp\/v2\/posts\/5736","targetHints":{"allow":["GET"]}}],"collection":[{"href":"https:\/\/www.aemc.pt\/biblioteca\/wp-json\/wp\/v2\/posts"}],"about":[{"href":"https:\/\/www.aemc.pt\/biblioteca\/wp-json\/wp\/v2\/types\/post"}],"author":[{"embeddable":true,"href":"https:\/\/www.aemc.pt\/biblioteca\/wp-json\/wp\/v2\/users\/5"}],"replies":[{"embeddable":true,"href":"https:\/\/www.aemc.pt\/biblioteca\/wp-json\/wp\/v2\/comments?post=5736"}],"version-history":[{"count":2,"href":"https:\/\/www.aemc.pt\/biblioteca\/wp-json\/wp\/v2\/posts\/5736\/revisions"}],"predecessor-version":[{"id":5754,"href":"https:\/\/www.aemc.pt\/biblioteca\/wp-json\/wp\/v2\/posts\/5736\/revisions\/5754"}],"wp:featuredmedia":[{"embeddable":true,"href":"https:\/\/www.aemc.pt\/biblioteca\/wp-json\/wp\/v2\/media\/5755"}],"wp:attachment":[{"href":"https:\/\/www.aemc.pt\/biblioteca\/wp-json\/wp\/v2\/media?parent=5736"}],"wp:term":[{"taxonomy":"category","embeddable":true,"href":"https:\/\/www.aemc.pt\/biblioteca\/wp-json\/wp\/v2\/categories?post=5736"},{"taxonomy":"post_tag","embeddable":true,"href":"https:\/\/www.aemc.pt\/biblioteca\/wp-json\/wp\/v2\/tags?post=5736"}],"curies":[{"name":"wp","href":"https:\/\/api.w.org\/{rel}","templated":true}]}}