{"id":5745,"date":"2025-07-01T18:46:52","date_gmt":"2025-07-01T18:46:52","guid":{"rendered":"https:\/\/www.aemc.pt\/biblioteca\/?p=5745"},"modified":"2025-07-01T18:46:57","modified_gmt":"2025-07-01T18:46:57","slug":"melhores-leitores-da-biblioteca-escolar","status":"publish","type":"post","link":"https:\/\/www.aemc.pt\/biblioteca\/2025\/07\/01\/melhores-leitores-da-biblioteca-escolar\/","title":{"rendered":"Melhores Leitores da Biblioteca Escolar"},"content":{"rendered":"\n<p>No final do ano letivo, a biblioteca escolar do Agrupamento de Escolas de Macedo de Cavaleiros, apurou e atribui o diploma de Melhor Leitor do Ano da Biblioteca e um pr\u00e9mio simb\u00f3lico aos melhores leitores do 1.\u00ba e 2.\u00ba anos do 1.\u00ba Ciclo da Escola B\u00e1sica de Macedo de Cavaleiros, 1.\u00ba Ciclo da Escola B\u00e1sica de Morais, 1.\u00ba e 2.\u00ba Ciclo da Escola B\u00e1sica e Secund\u00e1ria de Macedo de Cavaleiros (Polo 2) e 3.\u00ba Ciclo e Secund\u00e1rio da Escola B\u00e1sica e Secund\u00e1ria de Macedo de Cavaleiros (Polo 3).<\/p>\n\n\n\n<p>Os vencedores do Melhor Leitor do Ano da Biblioteca Escolar da Escola B\u00e1sica de Macedo de Cavaleiros foram:<\/p>\n\n\n\n<p>&#8211; Diogo  Serapicos, 1.\u00ba ano.<\/p>\n\n\n\n<p>&#8211; Sara Santos, 2.\u00ba ano.<\/p>\n\n\n\n<figure class=\"wp-block-image aligncenter size-full\"><img fetchpriority=\"high\" decoding=\"async\" width=\"427\" height=\"640\" src=\"https:\/\/www.aemc.pt\/biblioteca\/wp-content\/uploads\/2025\/07\/1A-EBMC.jpg\" alt=\"\" class=\"wp-image-5773\" srcset=\"https:\/\/www.aemc.pt\/biblioteca\/wp-content\/uploads\/2025\/07\/1A-EBMC.jpg 427w, https:\/\/www.aemc.pt\/biblioteca\/wp-content\/uploads\/2025\/07\/1A-EBMC-200x300.jpg 200w\" sizes=\"(max-width: 427px) 100vw, 427px\" \/><\/figure>\n\n\n\n<figure class=\"wp-block-image aligncenter size-full\"><img decoding=\"async\" width=\"427\" height=\"640\" src=\"https:\/\/www.aemc.pt\/biblioteca\/wp-content\/uploads\/2025\/07\/2.o-Ano-EBMC.jpg\" alt=\"\" class=\"wp-image-5774\" srcset=\"https:\/\/www.aemc.pt\/biblioteca\/wp-content\/uploads\/2025\/07\/2.o-Ano-EBMC.jpg 427w, https:\/\/www.aemc.pt\/biblioteca\/wp-content\/uploads\/2025\/07\/2.o-Ano-EBMC-200x300.jpg 200w\" sizes=\"(max-width: 427px) 100vw, 427px\" \/><\/figure>\n\n\n\n<p>Os vencedores do Melhor Leitor do Ano da Biblioteca Escolar da Escola B\u00e1sica de Morais foram:<\/p>\n\n\n\n<p>&#8211; Lara Fernandes, 1.\u00ba Ciclo.<\/p>\n\n\n\n<p>&#8211; Ivo Pereira, 1.\u00ba Ciclo.<\/p>\n\n\n\n<figure class=\"wp-block-image aligncenter size-full\"><img decoding=\"async\" width=\"427\" height=\"640\" src=\"https:\/\/www.aemc.pt\/biblioteca\/wp-content\/uploads\/2025\/07\/1C-Morais.jpg\" alt=\"\" class=\"wp-image-5775\" srcset=\"https:\/\/www.aemc.pt\/biblioteca\/wp-content\/uploads\/2025\/07\/1C-Morais.jpg 427w, https:\/\/www.aemc.pt\/biblioteca\/wp-content\/uploads\/2025\/07\/1C-Morais-200x300.jpg 200w\" sizes=\"(max-width: 427px) 100vw, 427px\" \/><\/figure>\n\n\n\n<p>O vencedor do Melhor Leitor do Ano da Biblioteca Escolar da Escola B\u00e1sica e Secund\u00e1ria de Macedo de Cavaleiros (Polo 2) foram:<\/p>\n\n\n\n<p>&#8211; Miguel Meirinho, 1.\u00ba Ciclo.<\/p>\n\n\n\n<p>&#8211; Joana Baptista, 2.\u00ba Ciclo.<\/p>\n\n\n\n<figure class=\"wp-block-image aligncenter size-full\"><img loading=\"lazy\" decoding=\"async\" width=\"427\" height=\"640\" src=\"https:\/\/www.aemc.pt\/biblioteca\/wp-content\/uploads\/2025\/07\/1C-EBS-Macedo-de-Cavaleiros.jpg\" alt=\"\" class=\"wp-image-5776\" srcset=\"https:\/\/www.aemc.pt\/biblioteca\/wp-content\/uploads\/2025\/07\/1C-EBS-Macedo-de-Cavaleiros.jpg 427w, https:\/\/www.aemc.pt\/biblioteca\/wp-content\/uploads\/2025\/07\/1C-EBS-Macedo-de-Cavaleiros-200x300.jpg 200w\" sizes=\"(max-width: 427px) 100vw, 427px\" \/><\/figure>\n\n\n\n<figure class=\"wp-block-image aligncenter size-full\"><img loading=\"lazy\" decoding=\"async\" width=\"640\" height=\"427\" src=\"https:\/\/www.aemc.pt\/biblioteca\/wp-content\/uploads\/2025\/07\/2C-EBS-Macedo-de-Cavaleiros.jpg\" alt=\"\" class=\"wp-image-5777\" srcset=\"https:\/\/www.aemc.pt\/biblioteca\/wp-content\/uploads\/2025\/07\/2C-EBS-Macedo-de-Cavaleiros.jpg 640w, https:\/\/www.aemc.pt\/biblioteca\/wp-content\/uploads\/2025\/07\/2C-EBS-Macedo-de-Cavaleiros-300x200.jpg 300w\" sizes=\"(max-width: 640px) 100vw, 640px\" \/><\/figure>\n\n\n\n<p>O vencedor do Melhor Leitor do Ano da Biblioteca Escolar da Escola B\u00e1sica e Secund\u00e1ria de Macedo de Cavaleiros (Polo 3) foram:<\/p>\n\n\n\n<p>&#8211; Diana Almeida, 3.\u00ba Ciclo.<\/p>\n\n\n\n<p>&#8211; Carolina Vaz, Secund\u00e1rio.<\/p>\n\n\n\n<figure class=\"wp-block-image aligncenter size-full\"><img loading=\"lazy\" decoding=\"async\" width=\"640\" height=\"480\" src=\"https:\/\/www.aemc.pt\/biblioteca\/wp-content\/uploads\/2025\/07\/3C-EBSMC.jpg\" alt=\"\" class=\"wp-image-5771\" srcset=\"https:\/\/www.aemc.pt\/biblioteca\/wp-content\/uploads\/2025\/07\/3C-EBSMC.jpg 640w, https:\/\/www.aemc.pt\/biblioteca\/wp-content\/uploads\/2025\/07\/3C-EBSMC-300x225.jpg 300w\" sizes=\"(max-width: 640px) 100vw, 640px\" \/><\/figure>\n\n\n\n<figure class=\"wp-block-image aligncenter size-full\"><img loading=\"lazy\" decoding=\"async\" width=\"427\" height=\"640\" src=\"https:\/\/www.aemc.pt\/biblioteca\/wp-content\/uploads\/2025\/07\/SEC-EBSMC.jpg\" alt=\"\" class=\"wp-image-5770\" srcset=\"https:\/\/www.aemc.pt\/biblioteca\/wp-content\/uploads\/2025\/07\/SEC-EBSMC.jpg 427w, https:\/\/www.aemc.pt\/biblioteca\/wp-content\/uploads\/2025\/07\/SEC-EBSMC-200x300.jpg 200w\" sizes=\"(max-width: 427px) 100vw, 427px\" \/><\/figure>\n\n\n\n<p><\/p>\n","protected":false},"excerpt":{"rendered":"<p>No final do ano letivo, a biblioteca escolar do Agrupamento de Escolas de Macedo de Cavaleiros, apurou e atribui o diploma de Melhor Leitor do Ano da Biblioteca e um pr\u00e9mio simb\u00f3lico aos melhores leitores do 1.\u00ba e 2.\u00ba anos do 1.\u00ba Ciclo da Escola B\u00e1sica de Macedo de Cavaleiros, 1.\u00ba Ciclo da Escola B\u00e1sica [&hellip;]<\/p>\n","protected":false},"author":5,"featured_media":5768,"comment_status":"open","ping_status":"open","sticky":false,"template":"","format":"standard","meta":{"_themeisle_gutenberg_block_has_review":false,"footnotes":""},"categories":[89],"tags":[90,116],"class_list":["post-5745","post","type-post","status-publish","format-standard","has-post-thumbnail","hentry","category-leitura","tag-leitura","tag-melhor-leitor"],"blocksy_meta":[],"_links":{"self":[{"href":"https:\/\/www.aemc.pt\/biblioteca\/wp-json\/wp\/v2\/posts\/5745","targetHints":{"allow":["GET"]}}],"collection":[{"href":"https:\/\/www.aemc.pt\/biblioteca\/wp-json\/wp\/v2\/posts"}],"about":[{"href":"https:\/\/www.aemc.pt\/biblioteca\/wp-json\/wp\/v2\/types\/post"}],"author":[{"embeddable":true,"href":"https:\/\/www.aemc.pt\/biblioteca\/wp-json\/wp\/v2\/users\/5"}],"replies":[{"embeddable":true,"href":"https:\/\/www.aemc.pt\/biblioteca\/wp-json\/wp\/v2\/comments?post=5745"}],"version-history":[{"count":8,"href":"https:\/\/www.aemc.pt\/biblioteca\/wp-json\/wp\/v2\/posts\/5745\/revisions"}],"predecessor-version":[{"id":5778,"href":"https:\/\/www.aemc.pt\/biblioteca\/wp-json\/wp\/v2\/posts\/5745\/revisions\/5778"}],"wp:featuredmedia":[{"embeddable":true,"href":"https:\/\/www.aemc.pt\/biblioteca\/wp-json\/wp\/v2\/media\/5768"}],"wp:attachment":[{"href":"https:\/\/www.aemc.pt\/biblioteca\/wp-json\/wp\/v2\/media?parent=5745"}],"wp:term":[{"taxonomy":"category","embeddable":true,"href":"https:\/\/www.aemc.pt\/biblioteca\/wp-json\/wp\/v2\/categories?post=5745"},{"taxonomy":"post_tag","embeddable":true,"href":"https:\/\/www.aemc.pt\/biblioteca\/wp-json\/wp\/v2\/tags?post=5745"}],"curies":[{"name":"wp","href":"https:\/\/api.w.org\/{rel}","templated":true}]}}