{"id":7371,"date":"2024-10-19T16:04:12","date_gmt":"2024-10-19T15:04:12","guid":{"rendered":"https:\/\/www.aemc.pt\/portal\/?p=7371"},"modified":"2024-10-21T16:16:01","modified_gmt":"2024-10-21T15:16:01","slug":"testemunho-de-ex-formado","status":"publish","type":"post","link":"https:\/\/www.aemc.pt\/portal\/index.php\/2024\/10\/19\/testemunho-de-ex-formado\/","title":{"rendered":"Testemunho de Ex-formado"},"content":{"rendered":"\n<blockquote class=\"wp-block-quote is-layout-flow wp-block-quote-is-layout-flow\">\n<p>O ensino e forma\u00e7\u00e3o profissional s\u00e3o sin\u00f3nimos de oportunidades e mudan\u00e7a \ud83e\udd29<\/p>\n<\/blockquote>\n\n\n\n<p>O Jo\u00e3o Teixeira \u00e9 prova disso\u2757 A conclus\u00e3o do curso de Desenho Industrial abriu-lhe as portas de uma carreira profissional de sucesso e deu-lhe a oportunidade de representar&nbsp;Portugal no Campeonato da Europa e no Campeonato do Mundo das Profiss\u00f5es \ud83c\udf0d\u2728<\/p>\n\n\n\n<p>Agora \u00e9 a tua vez! Especializa-te numa \u00e1rea com alta empregabilidade \ud83d\udcc8&nbsp;e aproveita as in\u00fameras oportunidades de networking que o ensino e forma\u00e7\u00e3o profissional te oferecem \ud83d\ude09\ud83d\udcaa<\/p>\n\n\n\n<p>#EnsinoeFormacaoProfissional <a href=\"https:\/\/www.facebook.com\/hashtag\/campeonatosdasprofissoes?__eep__=6&amp;__cft__%5b0%5d=AZUt1_Uzs2mB3DfYRulo8zTxML9lpzT46aR9McPRRGGMOsmFIFssSh_RTMY3eg0blwi8895N0JAxTtN7CxgDOsRDStAiNK2riMuCJWE6_-5c8FkGF3pi2cqjkh1_QgCRdcKhPqFezPuH7Dm5hKV3oQBnB7hln4xhPyejEBrd9VyNv5f1veBoFuM60gvj-ElZbDZgOO_0A6vuKVoUOFnTHJQS&amp;__tn__=*NK-R\">#campeonatosdasprofissoes<\/a> <a href=\"https:\/\/www.facebook.com\/hashtag\/skillsportugalnorte2024?__eep__=6&amp;__cft__%5b0%5d=AZUt1_Uzs2mB3DfYRulo8zTxML9lpzT46aR9McPRRGGMOsmFIFssSh_RTMY3eg0blwi8895N0JAxTtN7CxgDOsRDStAiNK2riMuCJWE6_-5c8FkGF3pi2cqjkh1_QgCRdcKhPqFezPuH7Dm5hKV3oQBnB7hln4xhPyejEBrd9VyNv5f1veBoFuM60gvj-ElZbDZgOO_0A6vuKVoUOFnTHJQS&amp;__tn__=*NK-R\">#skillsportugalnorte2024<\/a> <a href=\"https:\/\/www.facebook.com\/hashtag\/nossomosworldskills?__eep__=6&amp;__cft__%5b0%5d=AZUt1_Uzs2mB3DfYRulo8zTxML9lpzT46aR9McPRRGGMOsmFIFssSh_RTMY3eg0blwi8895N0JAxTtN7CxgDOsRDStAiNK2riMuCJWE6_-5c8FkGF3pi2cqjkh1_QgCRdcKhPqFezPuH7Dm5hKV3oQBnB7hln4xhPyejEBrd9VyNv5f1veBoFuM60gvj-ElZbDZgOO_0A6vuKVoUOFnTHJQS&amp;__tn__=*NK-R\">#NosSomosWorldSkills<\/a>&nbsp;#OperationsofStrategicImportance #OSI #EUFunds #SocialRights #PESSOAS2030 #iefp<\/p>\n\n\n\n<figure class=\"wp-block-embed is-type-video is-provider-youtube wp-block-embed-youtube wp-embed-aspect-16-9 wp-has-aspect-ratio\"><div class=\"wp-block-embed__wrapper\">\nhttps:\/\/youtube.com\/shorts\/k81U_bc__YY\n<\/div><\/figure>\n\n\n\n<p><\/p>\n\n\n\n<br><br>\n","protected":false},"excerpt":{"rendered":"<p>O ensino e forma\u00e7\u00e3o profissional s\u00e3o sin\u00f3nimos de oportunidades e mudan\u00e7a \ud83e\udd29 O Jo\u00e3o Teixeira \u00e9 prova disso\u2757 A conclus\u00e3o<\/p>\n","protected":false},"author":1,"featured_media":7373,"comment_status":"closed","ping_status":"open","sticky":false,"template":"","format":"standard","meta":{"colormag_page_container_layout":"default_layout","colormag_page_sidebar_layout":"default_layout","ngg_post_thumbnail":0,"iawp_total_views":0,"footnotes":"","_links_to":"","_links_to_target":""},"categories":[4,20,1],"tags":[],"class_list":["post-7371","post","type-post","status-publish","format-standard","has-post-thumbnail","hentry","category-educacao","category-profissional","category-sem-categoria"],"_links":{"self":[{"href":"https:\/\/www.aemc.pt\/portal\/index.php\/wp-json\/wp\/v2\/posts\/7371","targetHints":{"allow":["GET"]}}],"collection":[{"href":"https:\/\/www.aemc.pt\/portal\/index.php\/wp-json\/wp\/v2\/posts"}],"about":[{"href":"https:\/\/www.aemc.pt\/portal\/index.php\/wp-json\/wp\/v2\/types\/post"}],"author":[{"embeddable":true,"href":"https:\/\/www.aemc.pt\/portal\/index.php\/wp-json\/wp\/v2\/users\/1"}],"replies":[{"embeddable":true,"href":"https:\/\/www.aemc.pt\/portal\/index.php\/wp-json\/wp\/v2\/comments?post=7371"}],"version-history":[{"count":1,"href":"https:\/\/www.aemc.pt\/portal\/index.php\/wp-json\/wp\/v2\/posts\/7371\/revisions"}],"predecessor-version":[{"id":7372,"href":"https:\/\/www.aemc.pt\/portal\/index.php\/wp-json\/wp\/v2\/posts\/7371\/revisions\/7372"}],"wp:featuredmedia":[{"embeddable":true,"href":"https:\/\/www.aemc.pt\/portal\/index.php\/wp-json\/wp\/v2\/media\/7373"}],"wp:attachment":[{"href":"https:\/\/www.aemc.pt\/portal\/index.php\/wp-json\/wp\/v2\/media?parent=7371"}],"wp:term":[{"taxonomy":"category","embeddable":true,"href":"https:\/\/www.aemc.pt\/portal\/index.php\/wp-json\/wp\/v2\/categories?post=7371"},{"taxonomy":"post_tag","embeddable":true,"href":"https:\/\/www.aemc.pt\/portal\/index.php\/wp-json\/wp\/v2\/tags?post=7371"}],"curies":[{"name":"wp","href":"https:\/\/api.w.org\/{rel}","templated":true}]}}